{"id":3507,"date":"2024-01-17T12:16:12","date_gmt":"2024-01-17T11:16:12","guid":{"rendered":"https:\/\/agorastur.es\/blog\/?p=3507"},"modified":"2024-01-17T16:16:49","modified_gmt":"2024-01-17T15:16:49","slug":"dam-o-daw-cual-elegir","status":"publish","type":"post","link":"https:\/\/agorastur.es\/blog\/dam-o-daw-cual-elegir\/","title":{"rendered":"DAM O DAW \u00bfCu\u00e1l elegir?"},"content":{"rendered":"<p>\u00bfEstudiar DAM o DAW? Esta es una de las preguntas m\u00e1s frecuentadas por los aspirantes de FP en la rama tecnol\u00f3gica. Pero para abordar bien esta cuesti\u00f3n hay que remontarse al a\u00f1o 1994, cuando el gobierno central aprob\u00f3 la creaci\u00f3n de una nueva titulaci\u00f3n de grado superior a la que se llam\u00f3 \u201cDesarrollo de Aplicaciones Inform\u00e1ticas\u201d.<\/p>\n<p>Este FP estaba 100% enfocado a los lenguajes de programaci\u00f3n de la \u00e9poca. Con el paso de los a\u00f1os <strong>el sector tecnol\u00f3gico explot\u00f3<\/strong> haci\u00e9ndose necesario replantear esta formaci\u00f3n profesional con el objetivo de abarcar perfiles m\u00e1s especializados. <strong>No es hasta<\/strong> <strong>el a\u00f1o 2010<\/strong> cuando se sustituy\u00f3 esta titulaci\u00f3n por los actualmente conocidos como \u201cDesarrollo de Aplicaciones Multiplataforma\u201d (DAM) y \u201cDesarrollo de Aplicaciones Web\u201d (DAW).<\/p>\n<h2><strong>\u00bfQu\u00e9 es DAM?<\/strong><\/h2>\n<p>El <a href=\"https:\/\/agorastur.es\/fp-grado-superior-desarrollo-de-aplicaciones-multiplataforma\">FP en Desarrollo de Aplicaciones Multiplataforma<\/a> o DAM, es un FP de grado superior que se engloba dentro del \u00e1mbito tecnol\u00f3gico. Actualmente <strong>est\u00e1 considerada con una de los FP con m\u00e1s salidas laborales del mercado<\/strong>. A trav\u00e9s de esta formaci\u00f3n se capacita al alumno para la creaci\u00f3n de software de aplicaciones en dispositivos m\u00f3viles (tambi\u00e9n en desarrollo de videojuegos).<\/p>\n<p>Algunas de las tem\u00e1ticas que se estudian son las<strong> bases de datos, desarrollo de interfaces, sistemas inform\u00e1ticos<\/strong> etc.<\/p>\n<p>Los estudiantes de DAM encaminan su futuro hacia salidas profesionales como \u201cprogramador de app de entretenimiento\u201d \u201cprogramador de app para empresas\u201d o \u201cgestor de proyectos tecnol\u00f3gicos\u201d<\/p>\n<h2><strong>\u00bfQu\u00e9 es DAW?<\/strong><\/h2>\n<p>El <a href=\"https:\/\/agorastur.es\/fp-grado-superior-desarrollo-de-aplicaciones-web\">FP en desarrollo de aplicaciones web (<\/a>DAW) <strong>tambi\u00e9n se encuentra dentro de los t\u00e9cnicos superiores que obtienen mayor demanda<\/strong> en el mercado. Este t\u00edtulo busca orientar el conocimiento del alumno hacia el <strong>desarrollo y mantenimiento de sitios y aplicaciones web<\/strong>.<\/p>\n<p>Es decir, todo lo que tenga que ver con <strong>HTML, CSS, Javascript, PHP<\/strong>. Entre las salidas profesionales se encuentra la parte m\u00e1s t\u00e9cnica del marketing online (webmaster, analista web, gestor de servidores de aplicaciones, t\u00e9cnico responsable de proyectos online, especialista SEO etc), puestos que son muy solicitados en la actualidad.<\/p>\n<h2><strong>\u00bfQu\u00e9 tienen en com\u00fan DAM Y DAW?<\/strong><\/h2>\n<p>DAM y DAW tienen bastante en com\u00fan. En primer lugar, hablamos de dos titulaciones de Formaci\u00f3n Profesional de <strong>Grado Superior de la rama tecnol\u00f3gica<\/strong>. Y tanto se parecen, que <strong>comparten las mismas asignaturas durante el primer curso<\/strong>.<\/p>\n<p>Las asignaturas comunes son las siguientes:<\/p>\n<ul>\n<li>Sistemas inform\u00e1ticos<\/li>\n<li>Bases de datos<\/li>\n<li>Programaci\u00f3n<\/li>\n<li>Lenguajes de marcas y sistemas de gesti\u00f3n de la informaci\u00f3n<\/li>\n<li>Entorno de desarrollo<\/li>\n<\/ul>\n<p>Esto lo hace realmente interesante ya que por un lado se permitir\u00e1 al alumno cambiar de FP si pasado un a\u00f1o se prefiere optar por la otra especialidad, y al mismo tiempo tendremos la posibilidad de <strong>conseguir la doble titulaci\u00f3n en periodo de 3 a\u00f1os<\/strong>.<\/p>\n<h2><strong>Diferencias entre DAM y DAW<\/strong><\/h2>\n<p>A la hora de elegir entre DAM o DAW puede resultarnos algo complicado, ya que como hemos visto, existen muchas semejanzas entre ambas titulaciones de FP.<\/p>\n<p>Misma rama tecnol\u00f3gica e incluso asignaturas compartidas. Pero <strong>\u00bfQu\u00e9 har\u00e1 entonces decantarnos por una u otra?<\/strong><\/p>\n<p>La principal diferencia es que <strong>DAM<\/strong> <strong>permite conocer las diferentes plataformas<\/strong> en las que podemos crear aplicaciones, mientras en su caso, DAW se especializa \u00fanicamente en el \u00e1mbito de herramientas web.<\/p>\n<p>Es por ello por lo que, los titulados en Ciclo Superior de Desarrollo de Aplicaciones Multiplataforma estar\u00e1n capacitados para trabajar como soporte t\u00e9cnico dentro de cualquier empresa. Ser\u00e1n capaces de reparar, gestionar y mantener los servicios de redes y administraci\u00f3n de sistemas.<\/p>\n<p>Sin embargo, los graduados en el Ciclo Superior en Desarrollo de Aplicaciones Web optar\u00e1n a puestos donde se lleven a cabo <strong>tareas m\u00e1s vinculadas con el dise\u00f1o web, anal\u00edtica web, gesti\u00f3n de servidores o posicionamiento en buscadores<\/strong> (actualmente es uno de los puestos m\u00e1s demandados en el mundo debido a la necesaria digitalizaci\u00f3n de casi cualquier empresa independientemente del sector).<\/p>\n<p><a href=\"https:\/\/agorastur.es\/fp-grado-superior-desarrollo-de-aplicaciones-multiplataforma\"><img fetchpriority=\"high\" decoding=\"async\" class=\"aligncenter size-full wp-image-3732\" src=\"https:\/\/agorastur.es\/blog\/wp-content\/uploads\/2020\/11\/fp-dam.png\" alt=\"fp-dam\" width=\"400\" height=\"180\" srcset=\"https:\/\/agorastur.es\/blog\/wp-content\/uploads\/2020\/11\/fp-dam.png 400w, https:\/\/agorastur.es\/blog\/wp-content\/uploads\/2020\/11\/fp-dam-300x135.png 300w\" sizes=\"(max-width: 400px) 100vw, 400px\" \/><\/a><\/p>\n<h2><strong>\u00bfQu\u00e9 es mejor DAM o DAW?<\/strong><\/h2>\n<p>Como hemos ido viendo a lo largo de este art\u00edculo sobre DAM y DAW, queda claro que ambas formaciones aportan conocimientos y experiencia necesaria para conseguir un puesto cualificado relacionado con la programaci\u00f3n.<\/p>\n<p><strong>Ninguna de las dos es mejor que otra<\/strong>, sino que influir\u00e1 m\u00e1s en la decisi\u00f3n de cada uno los intereses y objetivos que cada estudiante tenga hacia el mundo laboral. <strong>Las dos obtienen una muy buena respuesta en el mercado laboral<\/strong>, comparten ra\u00edces y capacitan al alumno para desarrollar puestos de t\u00e9cnico responsable en departamentos de IT en cualquier tipo de empresa.<\/p>\n<p><a href=\"https:\/\/agorastur.es\/fp-grado-superior-desarrollo-de-aplicaciones-web\"><img decoding=\"async\" class=\"aligncenter size-full wp-image-3730\" src=\"https:\/\/agorastur.es\/blog\/wp-content\/uploads\/2020\/11\/fp-daw.png\" alt=\"daw-dam\" width=\"400\" height=\"180\" srcset=\"https:\/\/agorastur.es\/blog\/wp-content\/uploads\/2020\/11\/fp-daw.png 400w, https:\/\/agorastur.es\/blog\/wp-content\/uploads\/2020\/11\/fp-daw-300x135.png 300w\" sizes=\"(max-width: 400px) 100vw, 400px\" \/><\/a><\/p>\n<p>Lo que hay quedado claro es que los buenos resultados no han hecho m\u00e1s que confirmar\u00a0<strong>el futuro m\u00e1s que prometedor de los estudiantes de\u00a0<a style=\"font-weight: inherit; font-style: inherit;\" href=\"https:\/\/agorastur.es\/formacion-profesional\">FP tecnol\u00f3gico en Asturias<\/a>\u00a0y en todo Espa\u00f1a<\/strong>, los profesionales que permitir\u00e1n adaptar las empresas a las necesidades del mercado<\/p>\n<p><strong>\u00a0<\/strong><\/p>\n","protected":false},"excerpt":{"rendered":"<p>\u00bfEstudiar DAM o DAW? Esta es una de las preguntas m\u00e1s frecuentadas por los aspirantes de FP en la rama tecnol\u00f3gica. Pero para abordar bien esta cuesti\u00f3n hay que remontarse al a\u00f1o 1994, cuando el gobierno central aprob\u00f3 la creaci\u00f3n de una nueva titulaci\u00f3n de grado superior a la que se llam\u00f3 \u201cDesarrollo de Aplicaciones [&hellip;]<\/p>\n","protected":false},"author":1,"featured_media":3509,"comment_status":"open","ping_status":"open","sticky":false,"template":"","format":"standard","meta":{"_jetpack_newsletter_access":"","_jetpack_dont_email_post_to_subs":false,"_jetpack_newsletter_tier_id":0,"_jetpack_memberships_contains_paywalled_content":false,"_jetpack_memberships_contains_paid_content":false,"footnotes":""},"categories":[19],"tags":[257,244],"ppma_author":[259],"class_list":{"0":"post-3507","1":"post","2":"type-post","3":"status-publish","4":"format-standard","5":"has-post-thumbnail","7":"category-educacion","8":"tag-257","9":"tag-fp"},"yoast_head":"<!-- This site is optimized with the Yoast SEO plugin v27.5 - https:\/\/yoast.com\/product\/yoast-seo-wordpress\/ -->\r\n<title>DAM O DAW \u00bfCu\u00e1l elegir? - blog \u00e1gorAstur Formaci\u00f3n<\/title>\r\n<meta name=\"description\" content=\"\u00bfDAM o DAW? Esta es una de las preguntas m\u00e1s frecuentadas por los aspirantes de FP de la rama tecnol\u00f3gica. \u00a1La respuesta aqu\u00ed!\" \/>\r\n<meta name=\"robots\" content=\"index, follow, max-snippet:-1, max-image-preview:large, max-video-preview:-1\" \/>\r\n<link rel=\"canonical\" href=\"https:\/\/agorastur.es\/blog\/dam-o-daw-cual-elegir\/\" \/>\r\n<meta property=\"og:locale\" content=\"es_ES\" \/>\r\n<meta property=\"og:type\" content=\"article\" \/>\r\n<meta property=\"og:title\" content=\"DAM O DAW \u00bfCu\u00e1l elegir? - blog \u00e1gorAstur Formaci\u00f3n\" \/>\r\n<meta property=\"og:description\" content=\"\u00bfDAM o DAW? Esta es una de las preguntas m\u00e1s frecuentadas por los aspirantes de FP de la rama tecnol\u00f3gica. \u00a1La respuesta aqu\u00ed!\" \/>\r\n<meta property=\"og:url\" content=\"https:\/\/agorastur.es\/blog\/dam-o-daw-cual-elegir\/\" \/>\r\n<meta property=\"og:site_name\" content=\"blog \u00e1gorAstur Formaci\u00f3n\" \/>\r\n<meta property=\"article:publisher\" content=\"https:\/\/www.facebook.com\/agorasturformacion\" \/>\r\n<meta property=\"article:published_time\" content=\"2024-01-17T11:16:12+00:00\" \/>\r\n<meta property=\"article:modified_time\" content=\"2024-01-17T15:16:49+00:00\" \/>\r\n<meta property=\"og:image\" content=\"https:\/\/agorastur.es\/blog\/wp-content\/uploads\/2020\/11\/dam-o-daw-cual-elegir-1.png\" \/>\r\n\t<meta property=\"og:image:width\" content=\"800\" \/>\r\n\t<meta property=\"og:image:height\" content=\"550\" \/>\r\n\t<meta property=\"og:image:type\" content=\"image\/png\" \/>\r\n<meta name=\"author\" content=\"\u00e1gorAstur Formaci\u00f3n\" \/>\r\n<meta name=\"twitter:card\" content=\"summary_large_image\" \/>\r\n<meta name=\"twitter:creator\" content=\"@Agorastur\" \/>\r\n<meta name=\"twitter:site\" content=\"@Agorastur\" \/>\r\n<meta name=\"twitter:label1\" content=\"Escrito por\" \/>\n\t<meta name=\"twitter:data1\" content=\"\u00e1gorAstur Formaci\u00f3n\" \/>\n\t<meta name=\"twitter:label2\" content=\"Tiempo de lectura\" \/>\n\t<meta name=\"twitter:data2\" content=\"5 minutos\" \/>\r\n<script type=\"application\/ld+json\" class=\"yoast-schema-graph\">{\"@context\":\"https:\\\/\\\/schema.org\",\"@graph\":[{\"@type\":\"Article\",\"@id\":\"https:\\\/\\\/agorastur.es\\\/blog\\\/dam-o-daw-cual-elegir\\\/#article\",\"isPartOf\":{\"@id\":\"https:\\\/\\\/agorastur.es\\\/blog\\\/dam-o-daw-cual-elegir\\\/\"},\"author\":{\"name\":\"\u00e1gorAstur Formaci\u00f3n\",\"@id\":\"https:\\\/\\\/agorastur.es\\\/blog\\\/#\\\/schema\\\/person\\\/e22add2390185670fd9a54413f42e33e\"},\"headline\":\"DAM O DAW \u00bfCu\u00e1l elegir?\",\"datePublished\":\"2024-01-17T11:16:12+00:00\",\"dateModified\":\"2024-01-17T15:16:49+00:00\",\"mainEntityOfPage\":{\"@id\":\"https:\\\/\\\/agorastur.es\\\/blog\\\/dam-o-daw-cual-elegir\\\/\"},\"wordCount\":828,\"commentCount\":2,\"publisher\":{\"@id\":\"https:\\\/\\\/agorastur.es\\\/blog\\\/#organization\"},\"image\":{\"@id\":\"https:\\\/\\\/agorastur.es\\\/blog\\\/dam-o-daw-cual-elegir\\\/#primaryimage\"},\"thumbnailUrl\":\"https:\\\/\\\/agorastur.es\\\/blog\\\/wp-content\\\/uploads\\\/2020\\\/11\\\/dam-o-daw-cual-elegir.png\",\"keywords\":[\"2024\",\"fp\"],\"articleSection\":[\"Educaci\u00f3n\"],\"inLanguage\":\"es\"},{\"@type\":\"WebPage\",\"@id\":\"https:\\\/\\\/agorastur.es\\\/blog\\\/dam-o-daw-cual-elegir\\\/\",\"url\":\"https:\\\/\\\/agorastur.es\\\/blog\\\/dam-o-daw-cual-elegir\\\/\",\"name\":\"DAM O DAW \u00bfCu\u00e1l elegir? - blog \u00e1gorAstur Formaci\u00f3n\",\"isPartOf\":{\"@id\":\"https:\\\/\\\/agorastur.es\\\/blog\\\/#website\"},\"primaryImageOfPage\":{\"@id\":\"https:\\\/\\\/agorastur.es\\\/blog\\\/dam-o-daw-cual-elegir\\\/#primaryimage\"},\"image\":{\"@id\":\"https:\\\/\\\/agorastur.es\\\/blog\\\/dam-o-daw-cual-elegir\\\/#primaryimage\"},\"thumbnailUrl\":\"https:\\\/\\\/agorastur.es\\\/blog\\\/wp-content\\\/uploads\\\/2020\\\/11\\\/dam-o-daw-cual-elegir.png\",\"datePublished\":\"2024-01-17T11:16:12+00:00\",\"dateModified\":\"2024-01-17T15:16:49+00:00\",\"description\":\"\u00bfDAM o DAW? Esta es una de las preguntas m\u00e1s frecuentadas por los aspirantes de FP de la rama tecnol\u00f3gica. \u00a1La respuesta aqu\u00ed!\",\"breadcrumb\":{\"@id\":\"https:\\\/\\\/agorastur.es\\\/blog\\\/dam-o-daw-cual-elegir\\\/#breadcrumb\"},\"inLanguage\":\"es\",\"potentialAction\":[{\"@type\":\"ReadAction\",\"target\":[\"https:\\\/\\\/agorastur.es\\\/blog\\\/dam-o-daw-cual-elegir\\\/\"]}]},{\"@type\":\"ImageObject\",\"inLanguage\":\"es\",\"@id\":\"https:\\\/\\\/agorastur.es\\\/blog\\\/dam-o-daw-cual-elegir\\\/#primaryimage\",\"url\":\"https:\\\/\\\/agorastur.es\\\/blog\\\/wp-content\\\/uploads\\\/2020\\\/11\\\/dam-o-daw-cual-elegir.png\",\"contentUrl\":\"https:\\\/\\\/agorastur.es\\\/blog\\\/wp-content\\\/uploads\\\/2020\\\/11\\\/dam-o-daw-cual-elegir.png\",\"width\":800,\"height\":550,\"caption\":\"dam-o-daw-cual-elegir\"},{\"@type\":\"BreadcrumbList\",\"@id\":\"https:\\\/\\\/agorastur.es\\\/blog\\\/dam-o-daw-cual-elegir\\\/#breadcrumb\",\"itemListElement\":[{\"@type\":\"ListItem\",\"position\":1,\"name\":\"\u00e1gorAstur\",\"item\":\"https:\\\/\\\/agorastur.es\\\/blog\\\/\"},{\"@type\":\"ListItem\",\"position\":2,\"name\":\"Educaci\u00f3n\",\"item\":\"https:\\\/\\\/agorastur.es\\\/blog\\\/novedades\\\/educacion\\\/\"},{\"@type\":\"ListItem\",\"position\":3,\"name\":\"DAM O DAW \u00bfCu\u00e1l elegir?\"}]},{\"@type\":\"WebSite\",\"@id\":\"https:\\\/\\\/agorastur.es\\\/blog\\\/#website\",\"url\":\"https:\\\/\\\/agorastur.es\\\/blog\\\/\",\"name\":\"blog \u00e1gorAstur Formaci\u00f3n\",\"description\":\"Formaci\u00f3n en Asturias y Le\u00f3n\",\"publisher\":{\"@id\":\"https:\\\/\\\/agorastur.es\\\/blog\\\/#organization\"},\"potentialAction\":[{\"@type\":\"SearchAction\",\"target\":{\"@type\":\"EntryPoint\",\"urlTemplate\":\"https:\\\/\\\/agorastur.es\\\/blog\\\/?s={search_term_string}\"},\"query-input\":{\"@type\":\"PropertyValueSpecification\",\"valueRequired\":true,\"valueName\":\"search_term_string\"}}],\"inLanguage\":\"es\"},{\"@type\":\"Organization\",\"@id\":\"https:\\\/\\\/agorastur.es\\\/blog\\\/#organization\",\"name\":\"Grupo Agorastur, S.L.\",\"url\":\"https:\\\/\\\/agorastur.es\\\/blog\\\/\",\"logo\":{\"@type\":\"ImageObject\",\"inLanguage\":\"es\",\"@id\":\"https:\\\/\\\/agorastur.es\\\/blog\\\/#\\\/schema\\\/logo\\\/image\\\/\",\"url\":\"https:\\\/\\\/agorastur.es\\\/blog\\\/wp-content\\\/uploads\\\/2025\\\/03\\\/cropped-rrss.png\",\"contentUrl\":\"https:\\\/\\\/agorastur.es\\\/blog\\\/wp-content\\\/uploads\\\/2025\\\/03\\\/cropped-rrss.png\",\"width\":512,\"height\":512,\"caption\":\"Grupo Agorastur, S.L.\"},\"image\":{\"@id\":\"https:\\\/\\\/agorastur.es\\\/blog\\\/#\\\/schema\\\/logo\\\/image\\\/\"},\"sameAs\":[\"https:\\\/\\\/www.facebook.com\\\/agorasturformacion\",\"https:\\\/\\\/x.com\\\/Agorastur\"]},{\"@type\":\"Person\",\"@id\":\"https:\\\/\\\/agorastur.es\\\/blog\\\/#\\\/schema\\\/person\\\/e22add2390185670fd9a54413f42e33e\",\"name\":\"\u00e1gorAstur Formaci\u00f3n\",\"image\":{\"@type\":\"ImageObject\",\"inLanguage\":\"es\",\"@id\":\"https:\\\/\\\/agorastur.es\\\/blog\\\/wp-content\\\/uploads\\\/2025\\\/03\\\/cropped-favicon-1-96x96.png07751c8812e77018f06c4e5a1412ef3a\",\"url\":\"https:\\\/\\\/agorastur.es\\\/blog\\\/wp-content\\\/uploads\\\/2025\\\/03\\\/cropped-favicon-1-96x96.png\",\"contentUrl\":\"https:\\\/\\\/agorastur.es\\\/blog\\\/wp-content\\\/uploads\\\/2025\\\/03\\\/cropped-favicon-1-96x96.png\",\"caption\":\"\u00e1gorAstur Formaci\u00f3n\"},\"sameAs\":[\"http:\\\/\\\/agorastur.es\"],\"url\":\"https:\\\/\\\/agorastur.es\\\/blog\\\/author\\\/agorastur\\\/\"}]}<\/script>\r\n<!-- \/ Yoast SEO plugin. -->","yoast_head_json":{"title":"DAM O DAW \u00bfCu\u00e1l elegir? - blog \u00e1gorAstur Formaci\u00f3n","description":"\u00bfDAM o DAW? Esta es una de las preguntas m\u00e1s frecuentadas por los aspirantes de FP de la rama tecnol\u00f3gica. \u00a1La respuesta aqu\u00ed!","robots":{"index":"index","follow":"follow","max-snippet":"max-snippet:-1","max-image-preview":"max-image-preview:large","max-video-preview":"max-video-preview:-1"},"canonical":"https:\/\/agorastur.es\/blog\/dam-o-daw-cual-elegir\/","og_locale":"es_ES","og_type":"article","og_title":"DAM O DAW \u00bfCu\u00e1l elegir? - blog \u00e1gorAstur Formaci\u00f3n","og_description":"\u00bfDAM o DAW? Esta es una de las preguntas m\u00e1s frecuentadas por los aspirantes de FP de la rama tecnol\u00f3gica. \u00a1La respuesta aqu\u00ed!","og_url":"https:\/\/agorastur.es\/blog\/dam-o-daw-cual-elegir\/","og_site_name":"blog \u00e1gorAstur Formaci\u00f3n","article_publisher":"https:\/\/www.facebook.com\/agorasturformacion","article_published_time":"2024-01-17T11:16:12+00:00","article_modified_time":"2024-01-17T15:16:49+00:00","og_image":[{"width":800,"height":550,"url":"https:\/\/agorastur.es\/blog\/wp-content\/uploads\/2020\/11\/dam-o-daw-cual-elegir-1.png","type":"image\/png"}],"author":"\u00e1gorAstur Formaci\u00f3n","twitter_card":"summary_large_image","twitter_creator":"@Agorastur","twitter_site":"@Agorastur","twitter_misc":{"Escrito por":"\u00e1gorAstur Formaci\u00f3n","Tiempo de lectura":"5 minutos"},"schema":{"@context":"https:\/\/schema.org","@graph":[{"@type":"Article","@id":"https:\/\/agorastur.es\/blog\/dam-o-daw-cual-elegir\/#article","isPartOf":{"@id":"https:\/\/agorastur.es\/blog\/dam-o-daw-cual-elegir\/"},"author":{"name":"\u00e1gorAstur Formaci\u00f3n","@id":"https:\/\/agorastur.es\/blog\/#\/schema\/person\/e22add2390185670fd9a54413f42e33e"},"headline":"DAM O DAW \u00bfCu\u00e1l elegir?","datePublished":"2024-01-17T11:16:12+00:00","dateModified":"2024-01-17T15:16:49+00:00","mainEntityOfPage":{"@id":"https:\/\/agorastur.es\/blog\/dam-o-daw-cual-elegir\/"},"wordCount":828,"commentCount":2,"publisher":{"@id":"https:\/\/agorastur.es\/blog\/#organization"},"image":{"@id":"https:\/\/agorastur.es\/blog\/dam-o-daw-cual-elegir\/#primaryimage"},"thumbnailUrl":"https:\/\/agorastur.es\/blog\/wp-content\/uploads\/2020\/11\/dam-o-daw-cual-elegir.png","keywords":["2024","fp"],"articleSection":["Educaci\u00f3n"],"inLanguage":"es"},{"@type":"WebPage","@id":"https:\/\/agorastur.es\/blog\/dam-o-daw-cual-elegir\/","url":"https:\/\/agorastur.es\/blog\/dam-o-daw-cual-elegir\/","name":"DAM O DAW \u00bfCu\u00e1l elegir? - blog \u00e1gorAstur Formaci\u00f3n","isPartOf":{"@id":"https:\/\/agorastur.es\/blog\/#website"},"primaryImageOfPage":{"@id":"https:\/\/agorastur.es\/blog\/dam-o-daw-cual-elegir\/#primaryimage"},"image":{"@id":"https:\/\/agorastur.es\/blog\/dam-o-daw-cual-elegir\/#primaryimage"},"thumbnailUrl":"https:\/\/agorastur.es\/blog\/wp-content\/uploads\/2020\/11\/dam-o-daw-cual-elegir.png","datePublished":"2024-01-17T11:16:12+00:00","dateModified":"2024-01-17T15:16:49+00:00","description":"\u00bfDAM o DAW? Esta es una de las preguntas m\u00e1s frecuentadas por los aspirantes de FP de la rama tecnol\u00f3gica. \u00a1La respuesta aqu\u00ed!","breadcrumb":{"@id":"https:\/\/agorastur.es\/blog\/dam-o-daw-cual-elegir\/#breadcrumb"},"inLanguage":"es","potentialAction":[{"@type":"ReadAction","target":["https:\/\/agorastur.es\/blog\/dam-o-daw-cual-elegir\/"]}]},{"@type":"ImageObject","inLanguage":"es","@id":"https:\/\/agorastur.es\/blog\/dam-o-daw-cual-elegir\/#primaryimage","url":"https:\/\/agorastur.es\/blog\/wp-content\/uploads\/2020\/11\/dam-o-daw-cual-elegir.png","contentUrl":"https:\/\/agorastur.es\/blog\/wp-content\/uploads\/2020\/11\/dam-o-daw-cual-elegir.png","width":800,"height":550,"caption":"dam-o-daw-cual-elegir"},{"@type":"BreadcrumbList","@id":"https:\/\/agorastur.es\/blog\/dam-o-daw-cual-elegir\/#breadcrumb","itemListElement":[{"@type":"ListItem","position":1,"name":"\u00e1gorAstur","item":"https:\/\/agorastur.es\/blog\/"},{"@type":"ListItem","position":2,"name":"Educaci\u00f3n","item":"https:\/\/agorastur.es\/blog\/novedades\/educacion\/"},{"@type":"ListItem","position":3,"name":"DAM O DAW \u00bfCu\u00e1l elegir?"}]},{"@type":"WebSite","@id":"https:\/\/agorastur.es\/blog\/#website","url":"https:\/\/agorastur.es\/blog\/","name":"blog \u00e1gorAstur Formaci\u00f3n","description":"Formaci\u00f3n en Asturias y Le\u00f3n","publisher":{"@id":"https:\/\/agorastur.es\/blog\/#organization"},"potentialAction":[{"@type":"SearchAction","target":{"@type":"EntryPoint","urlTemplate":"https:\/\/agorastur.es\/blog\/?s={search_term_string}"},"query-input":{"@type":"PropertyValueSpecification","valueRequired":true,"valueName":"search_term_string"}}],"inLanguage":"es"},{"@type":"Organization","@id":"https:\/\/agorastur.es\/blog\/#organization","name":"Grupo Agorastur, S.L.","url":"https:\/\/agorastur.es\/blog\/","logo":{"@type":"ImageObject","inLanguage":"es","@id":"https:\/\/agorastur.es\/blog\/#\/schema\/logo\/image\/","url":"https:\/\/agorastur.es\/blog\/wp-content\/uploads\/2025\/03\/cropped-rrss.png","contentUrl":"https:\/\/agorastur.es\/blog\/wp-content\/uploads\/2025\/03\/cropped-rrss.png","width":512,"height":512,"caption":"Grupo Agorastur, S.L."},"image":{"@id":"https:\/\/agorastur.es\/blog\/#\/schema\/logo\/image\/"},"sameAs":["https:\/\/www.facebook.com\/agorasturformacion","https:\/\/x.com\/Agorastur"]},{"@type":"Person","@id":"https:\/\/agorastur.es\/blog\/#\/schema\/person\/e22add2390185670fd9a54413f42e33e","name":"\u00e1gorAstur Formaci\u00f3n","image":{"@type":"ImageObject","inLanguage":"es","@id":"https:\/\/agorastur.es\/blog\/wp-content\/uploads\/2025\/03\/cropped-favicon-1-96x96.png07751c8812e77018f06c4e5a1412ef3a","url":"https:\/\/agorastur.es\/blog\/wp-content\/uploads\/2025\/03\/cropped-favicon-1-96x96.png","contentUrl":"https:\/\/agorastur.es\/blog\/wp-content\/uploads\/2025\/03\/cropped-favicon-1-96x96.png","caption":"\u00e1gorAstur Formaci\u00f3n"},"sameAs":["http:\/\/agorastur.es"],"url":"https:\/\/agorastur.es\/blog\/author\/agorastur\/"}]}},"jetpack_featured_media_url":"https:\/\/agorastur.es\/blog\/wp-content\/uploads\/2020\/11\/dam-o-daw-cual-elegir.png","jetpack_sharing_enabled":true,"jetpack_shortlink":"https:\/\/wp.me\/p8kSRz-Uz","jetpack-related-posts":[{"id":2910,"url":"https:\/\/agorastur.es\/blog\/enhorabuena-a-nuestros-alumnos-de-fp\/","url_meta":{"origin":3507,"position":0},"title":"Enhorabuena a nuestros alumnos de FP","author":"\u00e1gorAstur Formaci\u00f3n","date":"30\/01\/2020","format":false,"excerpt":"El fin de semana del 18 y 19 de este mes de enero de 2020 se realizaron en las instalaciones del Campus Universitario de Gij\u00f3n los ex\u00e1menes oficiales de FP del primer semestre. Los FP en los que nuestros alumnos se examinaron son los siguientes: Grado Medio: \u00a0 Cuidados Auxiliares\u2026","rel":"","context":"En \u00abAgorastur\u00bb","block_context":{"text":"Agorastur","link":"https:\/\/agorastur.es\/blog\/novedades\/agorastur\/"},"img":{"alt_text":"","src":"https:\/\/agorastur.es\/blog\/wp-content\/uploads\/2020\/01\/examenes-fp-oficial-asturias-enero-2020.jpg","width":350,"height":200,"srcset":"https:\/\/agorastur.es\/blog\/wp-content\/uploads\/2020\/01\/examenes-fp-oficial-asturias-enero-2020.jpg 1x, https:\/\/agorastur.es\/blog\/wp-content\/uploads\/2020\/01\/examenes-fp-oficial-asturias-enero-2020.jpg 1.5x, https:\/\/agorastur.es\/blog\/wp-content\/uploads\/2020\/01\/examenes-fp-oficial-asturias-enero-2020.jpg 2x"},"classes":[]},{"id":4270,"url":"https:\/\/agorastur.es\/blog\/cuales-son-las-fp-con-mas-salidas-laborales-en-2024\/","url_meta":{"origin":3507,"position":1},"title":"\u00bfCu\u00e1les son las FP con m\u00e1s salidas laborales en 2024?","author":"\u00e1gorAstur Formaci\u00f3n","date":"22\/01\/2024","format":false,"excerpt":"\u00bfNo sabes por qu\u00e9 FP decantarte? Con un porcentaje de paro muy reducido frente a otro tipo de estudios, cursar una FP se ha convertido en la opci\u00f3n preferida de miles de estudiantes que desean mejorar sus perspectivas laborales. Ante esta situaci\u00f3n cabe preguntarse, \u00bfQu\u00e9 FP tendr\u00e1 las mejores salidas\u2026","rel":"","context":"En \u00abAgorastur\u00bb","block_context":{"text":"Agorastur","link":"https:\/\/agorastur.es\/blog\/novedades\/agorastur\/"},"img":{"alt_text":"Las FP con m\u00e1s salidas laborales 2024","src":"https:\/\/agorastur.es\/blog\/wp-content\/uploads\/2024\/01\/Blog800-\u00d7-550-px-7.png","width":350,"height":200,"srcset":"https:\/\/agorastur.es\/blog\/wp-content\/uploads\/2024\/01\/Blog800-\u00d7-550-px-7.png 1x, https:\/\/agorastur.es\/blog\/wp-content\/uploads\/2024\/01\/Blog800-\u00d7-550-px-7.png 1.5x, https:\/\/agorastur.es\/blog\/wp-content\/uploads\/2024\/01\/Blog800-\u00d7-550-px-7.png 2x"},"classes":[]},{"id":3475,"url":"https:\/\/agorastur.es\/blog\/fp-con-mas-salidas-en-2021-cuales-son\/","url_meta":{"origin":3507,"position":2},"title":"FP con m\u00e1s salidas en 2021: \u00bfCu\u00e1les son?","author":"\u00e1gorAstur Formaci\u00f3n","date":"08\/11\/2020","format":false,"excerpt":"El incremento de las tasas de inserci\u00f3n laboral de t\u00e9cnicos medio y superiores se ha convertido en el principal foco de atracci\u00f3n de cientos y cientos de estudiantes de Formaci\u00f3n Profesional, que buscan dar salidas a sus carreras profesionales. Analicemos por tanto cuales son los FP con m\u00e1s salidas en\u2026","rel":"","context":"En \u00abEducaci\u00f3n\u00bb","block_context":{"text":"Educaci\u00f3n","link":"https:\/\/agorastur.es\/blog\/novedades\/educacion\/"},"img":{"alt_text":"formacion-profesional-con-mas-salidas-en-2021","src":"https:\/\/agorastur.es\/blog\/wp-content\/uploads\/2020\/11\/formacion-profesional-con-mas-salidas-en-2021.png","width":350,"height":200,"srcset":"https:\/\/agorastur.es\/blog\/wp-content\/uploads\/2020\/11\/formacion-profesional-con-mas-salidas-en-2021.png 1x, https:\/\/agorastur.es\/blog\/wp-content\/uploads\/2020\/11\/formacion-profesional-con-mas-salidas-en-2021.png 1.5x, https:\/\/agorastur.es\/blog\/wp-content\/uploads\/2020\/11\/formacion-profesional-con-mas-salidas-en-2021.png 2x"},"classes":[]},{"id":4098,"url":"https:\/\/agorastur.es\/blog\/fp-con-mas-salidas-laborales-2023\/","url_meta":{"origin":3507,"position":3},"title":"\u00bfCu\u00e1les son las FP con m\u00e1s salidas laborales de 2023?","author":"\u00e1gorAstur Formaci\u00f3n","date":"01\/02\/2023","format":false,"excerpt":"En un mercado laboral cada vez m\u00e1s competitivo, es importante estar informado sobre aquellas FPs que ser\u00e1n m\u00e1s demandadas por las empresas y que, por lo tanto, contar\u00e1n con una mayor empleabilidad. Estas formaciones pueden abrir las puertas a nuevas oportunidades de empleo y ayudar a impulsar una carrera profesional.\u2026","rel":"","context":"En \u00abEducaci\u00f3n\u00bb","block_context":{"text":"Educaci\u00f3n","link":"https:\/\/agorastur.es\/blog\/novedades\/educacion\/"},"img":{"alt_text":"fp con m\u00e1s salidas laborales 2023","src":"https:\/\/agorastur.es\/blog\/wp-content\/uploads\/2023\/02\/FP-con-mas-salidas-laborales-2023.webp","width":350,"height":200,"srcset":"https:\/\/agorastur.es\/blog\/wp-content\/uploads\/2023\/02\/FP-con-mas-salidas-laborales-2023.webp 1x, https:\/\/agorastur.es\/blog\/wp-content\/uploads\/2023\/02\/FP-con-mas-salidas-laborales-2023.webp 1.5x, https:\/\/agorastur.es\/blog\/wp-content\/uploads\/2023\/02\/FP-con-mas-salidas-laborales-2023.webp 2x"},"classes":[]},{"id":3287,"url":"https:\/\/agorastur.es\/blog\/10-razones-para-estudiar-formacion-profesional-2\/","url_meta":{"origin":3507,"position":4},"title":"10 razones para estudiar Formaci\u00f3n Profesional","author":"\u00e1gorAstur Formaci\u00f3n","date":"18\/07\/2020","format":false,"excerpt":"Hoy en d\u00eda la Formaci\u00f3n Profesional est\u00e1 considerada como los estudios con m\u00e1s alto grado de especializaci\u00f3n y cualificaci\u00f3n y por ende con m\u00e1s alto porcentaje de empleabilidad. Si est\u00e1s pensando en qu\u00e9 estudiar y no te decides, voy a darte 10 razones para estudiar Formaci\u00f3n Profesional, ya sea de\u2026","rel":"","context":"En \u00abEducaci\u00f3n\u00bb","block_context":{"text":"Educaci\u00f3n","link":"https:\/\/agorastur.es\/blog\/novedades\/educacion\/"},"img":{"alt_text":"formaci\u00f3n-profesional","src":"https:\/\/agorastur.es\/blog\/wp-content\/uploads\/2020\/07\/10-razones-para-estudiar-formaci\u00f3n-profesionall.png","width":350,"height":200,"srcset":"https:\/\/agorastur.es\/blog\/wp-content\/uploads\/2020\/07\/10-razones-para-estudiar-formaci\u00f3n-profesionall.png 1x, https:\/\/agorastur.es\/blog\/wp-content\/uploads\/2020\/07\/10-razones-para-estudiar-formaci\u00f3n-profesionall.png 1.5x, https:\/\/agorastur.es\/blog\/wp-content\/uploads\/2020\/07\/10-razones-para-estudiar-formaci\u00f3n-profesionall.png 2x"},"classes":[]},{"id":3534,"url":"https:\/\/agorastur.es\/blog\/por-que-estudiar-fp\/","url_meta":{"origin":3507,"position":5},"title":"Por qu\u00e9 estudiar FP","author":"\u00e1gorAstur Formaci\u00f3n","date":"07\/12\/2020","format":false,"excerpt":"\u00bfEst\u00e1s pensando en estudiar FP en Asturias? \u00bfTienes dudas sobre c\u00f3mo enfocar tu futuro laboral? Hoy hablamos de la Formaci\u00f3n Profesional: Un camino formativo, a\u00fan algo desconocido y con menos prestigio del que merece, teniendo en cuenta que es una de las ofertas educativas con mayor tasa de empleabilidad y\u2026","rel":"","context":"En \u00abAgorastur\u00bb","block_context":{"text":"Agorastur","link":"https:\/\/agorastur.es\/blog\/novedades\/agorastur\/"},"img":{"alt_text":"por-que-estudiar-fp-en-asturias","src":"https:\/\/agorastur.es\/blog\/wp-content\/uploads\/2020\/12\/fp-en-asturias.png","width":350,"height":200,"srcset":"https:\/\/agorastur.es\/blog\/wp-content\/uploads\/2020\/12\/fp-en-asturias.png 1x, https:\/\/agorastur.es\/blog\/wp-content\/uploads\/2020\/12\/fp-en-asturias.png 1.5x, https:\/\/agorastur.es\/blog\/wp-content\/uploads\/2020\/12\/fp-en-asturias.png 2x"},"classes":[]}],"authors":[{"term_id":259,"user_id":1,"is_guest":0,"slug":"agorastur","display_name":"\u00e1gorAstur Formaci\u00f3n","avatar_url":"https:\/\/agorastur.es\/blog\/wp-content\/uploads\/2025\/03\/cropped-favicon-1-96x96.png","1":"","2":"","3":"","4":"","5":"","6":"","7":"","8":""}],"_links":{"self":[{"href":"https:\/\/agorastur.es\/blog\/wp-json\/wp\/v2\/posts\/3507","targetHints":{"allow":["GET"]}}],"collection":[{"href":"https:\/\/agorastur.es\/blog\/wp-json\/wp\/v2\/posts"}],"about":[{"href":"https:\/\/agorastur.es\/blog\/wp-json\/wp\/v2\/types\/post"}],"author":[{"embeddable":true,"href":"https:\/\/agorastur.es\/blog\/wp-json\/wp\/v2\/users\/1"}],"replies":[{"embeddable":true,"href":"https:\/\/agorastur.es\/blog\/wp-json\/wp\/v2\/comments?post=3507"}],"version-history":[{"count":8,"href":"https:\/\/agorastur.es\/blog\/wp-json\/wp\/v2\/posts\/3507\/revisions"}],"predecessor-version":[{"id":4274,"href":"https:\/\/agorastur.es\/blog\/wp-json\/wp\/v2\/posts\/3507\/revisions\/4274"}],"wp:featuredmedia":[{"embeddable":true,"href":"https:\/\/agorastur.es\/blog\/wp-json\/wp\/v2\/media\/3509"}],"wp:attachment":[{"href":"https:\/\/agorastur.es\/blog\/wp-json\/wp\/v2\/media?parent=3507"}],"wp:term":[{"taxonomy":"category","embeddable":true,"href":"https:\/\/agorastur.es\/blog\/wp-json\/wp\/v2\/categories?post=3507"},{"taxonomy":"post_tag","embeddable":true,"href":"https:\/\/agorastur.es\/blog\/wp-json\/wp\/v2\/tags?post=3507"},{"taxonomy":"author","embeddable":true,"href":"https:\/\/agorastur.es\/blog\/wp-json\/wp\/v2\/ppma_author?post=3507"}],"curies":[{"name":"wp","href":"https:\/\/api.w.org\/{rel}","templated":true}]}}