{"id":1950,"date":"2018-04-26T17:02:31","date_gmt":"2018-04-26T16:02:31","guid":{"rendered":"https:\/\/agorastur.es\/blog\/?p=1950"},"modified":"2020-07-21T18:36:36","modified_gmt":"2020-07-21T17:36:36","slug":"seminarios-mayo-2018","status":"publish","type":"post","link":"https:\/\/agorastur.es\/blog\/seminarios-mayo-2018\/","title":{"rendered":"Seminarios de Mayo del 2018"},"content":{"rendered":"<p><strong>Seminarios de mayo en <a href=\"http:\/\/agorastur.es\">\u00e1gorAstur formaci\u00f3n<\/a>.<\/strong> La formaci\u00f3n que est\u00e1is buscando la encontrar\u00e9is en nuestros centros de Oviedo, Gij\u00f3n, Avil\u00e9s, Langreo y pr\u00f3ximamente en Le\u00f3n. Disponemos de los mejores profesionales, las mejores instalaciones y los mejores contenidos. Todos estos seminarios son complementarios a todos nuestros cursos, t\u00fa tambi\u00e9n puedes participar en ellos.<\/p>\n<p><!--more--><\/p>\n<p>El calendario de seminarios de Mayo en \u00e1gorAstur Formaci\u00f3n es:<\/p>\n<p><strong>Seminarios de Mayo en\u00a0Oviedo:<\/strong><\/p>\n<table class=\"table table-striped\">\n<tbody class=\"text-xs\">\n<tr>\n<td><\/td>\n<td style=\"width: 20%;\"><span style=\"color: #1a88ca;\"><strong>Martes 1<\/strong><\/span><\/td>\n<td style=\"width: 20%;\"><span style=\"color: #1a88ca;\"><strong>Mi\u00e9rcoles 2<\/strong><\/span><br \/>\n<strong>Inform\u00e1tica:\u00a0<\/strong>18-20 h<\/td>\n<td style=\"width: 20%;\"><span style=\"color: #1a88ca;\"><strong style=\"color: #1a88ca;\">Jueves 3<\/strong><\/span><br \/>\n<strong>Jur\u00eddico: Ley SESPA<\/strong> 16-18 h<\/td>\n<td style=\"width: 20%;\"><span style=\"color: #1a88ca;\"><strong>Viernes 4<\/strong><\/span><br \/>\n<strong>Trivial de anatom\u00eda:\u00a0<\/strong>10-13 h<br \/>\n<strong>Inform\u00e1tica:<\/strong> 12-14 h<\/td>\n<\/tr>\n<tr>\n<td><span style=\"color: #1a88ca;\"><strong>Lunes 7<\/strong><\/span><br \/>\n<strong>Jur\u00eddico: Test global Auxiliar Administrativo del Estado<\/strong>\u00a016-18 h<br \/>\n<strong>Ingl\u00e9s:<\/strong><br \/>\nIniciaci\u00f3n 17:00 a 18:00 h<br \/>\nIntermedio 18:15 a 19:15 h<\/td>\n<td><span style=\"color: #1a88ca;\"><strong>Martes\u00a08<\/strong><\/span><br \/>\n<strong>Caracterizaci\u00f3n:\u00a0<\/strong>16 h<br \/>\n<strong>Veterinaria:<\/strong> 16-18 h<\/td>\n<td><span style=\"color: #1a88ca;\"><strong>Mi\u00e9rcoles 9<\/strong><\/span><br \/>\n<strong>Inform\u00e1tica:<\/strong> 18-20 h<\/td>\n<td><span style=\"color: #1a88ca;\"><strong>Jueves 10<\/strong><\/span><br \/>\n<strong>T\u00e9cnicas de estudio:<\/strong> 16:30-18:30 h<br \/>\n<strong>Preparador F\u00edsico:\u00a0<\/strong>10-14 h<\/td>\n<td><span style=\"color: #1a88ca;\"><strong>Viernes 11<\/strong><\/span><br \/>\n<strong>Inform\u00e1tica:<\/strong> 12-14 h<strong><br \/>\nImpuesto de sociedades 2:<\/strong> 16 h<\/td>\n<\/tr>\n<tr>\n<td><span style=\"color: #1a88ca;\"><strong>Lunes\u00a014<\/strong><\/span><br \/>\n<strong>Ingl\u00e9s:<\/strong><br \/>\nIniciaci\u00f3n 17:00 a 18:00 h<br \/>\nIntermedio 18:15 a 19:15 h<\/td>\n<td><span style=\"color: #1a88ca;\"><strong>Martes\u00a015<\/strong><\/span><br \/>\n<b>Caracterizaci\u00f3n:\u00a0<\/b>16 h<\/td>\n<td><span style=\"color: #1a88ca;\"><strong>Mi\u00e9rcoles 16<\/strong><\/span><br \/>\n<strong>Inform\u00e1tica:\u00a0<\/strong>18-20 h<\/td>\n<td><span style=\"color: #1a88ca;\"><strong>Jueves 17<\/strong><\/span><br \/>\n<strong>Jur\u00eddico: Test de sanidad<\/strong>\u00a016-18 h<\/td>\n<td><span style=\"color: #1a88ca;\"><strong>Viernes 18<\/strong><\/span><br \/>\n<strong>Examen global inform\u00e1tica:<\/strong> 11-13 h<\/td>\n<\/tr>\n<tr>\n<td><span style=\"color: #1a88ca;\"><strong>Lunes\u00a021<\/strong><\/span><br \/>\n<strong>Ingl\u00e9s:<\/strong><br \/>\nIniciaci\u00f3n 17:00 a 18:00 h<br \/>\nIntermedio 18:15 a 19:15 h<\/td>\n<td><span style=\"color: #1a88ca;\"><strong>Martes\u00a022<\/strong><\/span><br \/>\n<b>FESTIVO: MARTES DE CAMPO<\/b><\/td>\n<td><span style=\"color: #1a88ca;\"><strong>Mi\u00e9rcoles\u00a023<\/strong><\/span><br \/>\n<b>Inform\u00e1tica:<\/b> 18-20 h<\/td>\n<td><span style=\"color: #1a88ca;\"><strong>Jueves\u00a024<\/strong><\/span><br \/>\n<strong>Jur\u00eddico: Ley del sector p\u00fablico\u00a0<\/strong>16-18 h<\/td>\n<td><span style=\"color: #1a88ca;\"><strong>Viernes\u00a025<\/strong><\/span><br \/>\n<strong>Material M\u00e9dico<\/strong> 10-12 h<br \/>\n<strong>Inform\u00e1tica: <\/strong>12-14 h<\/td>\n<\/tr>\n<tr>\n<td><span style=\"color: #1a88ca;\"><strong>Lunes 28<\/strong><\/span><br \/>\n<strong>Ingl\u00e9s:<\/strong><br \/>\nIniciaci\u00f3n 17:00 a 18:00 h<br \/>\nIntermedio 18:15 a 19:15 h<br \/>\n<b>Nutrici\u00f3n 16: Nutrici\u00f3n Deportiva <\/b>18-20 h<\/td>\n<td><span style=\"color: #1a88ca;\"><strong>Martes 29<\/strong><\/span><br \/>\n<strong>Seminario de b\u00fasqueda de empleo:<\/strong> 16:30-18:30<\/td>\n<td><span style=\"color: #1a88ca;\"><strong>Mi\u00e9rcoles 30<\/strong><\/span><br \/>\n<strong>Inform\u00e1tica:<\/strong>\u00a018-20 h<\/td>\n<td><span style=\"color: #1a88ca;\"><strong>Jueves 31<\/strong><\/span><br \/>\n<strong>Jur\u00eddico: Test Estatuto empleado p\u00fablico estatal\u00a0<\/strong>16-18 h<\/td>\n<td><\/td>\n<\/tr>\n<\/tbody>\n<\/table>\n<p><strong>Seminarios de Mayo en\u00a0Gij\u00f3n:<\/strong><\/p>\n<table class=\"table table-striped\">\n<tbody class=\"text-xs\">\n<tr>\n<td><\/td>\n<td><span style=\"color: #1a88ca;\"><strong>Martes 1<\/strong><\/span><\/td>\n<td><span style=\"color: #1a88ca;\"><strong>Mi\u00e9rcoles 2<\/strong><\/span><br \/>\n<strong>Jur\u00eddico: Estatuto de Autonom\u00eda<\/strong>\u00a016-18 h<\/td>\n<td><span style=\"color: #1a88ca;\"><strong>Jueves 3<\/strong><\/span><br \/>\n<strong>Preparador F\u00edsico:<\/strong> 10-14 h<br \/>\n<strong>Inform\u00e1tica: internet\u00a0<\/strong>12-14 h<br \/>\n<strong>Ingl\u00e9s:<\/strong><br \/>\nIniciaci\u00f3n 17:00 a 18:00 h<br \/>\nIntermedio 18:15 a 19:15 h<\/td>\n<td><span style=\"color: #1a88ca;\"><strong>Viernes 4<\/strong><\/span><br \/>\n<strong>FOL: Liquidaciones <\/strong>12-14 h<\/td>\n<\/tr>\n<tr>\n<td><span style=\"color: #1a88ca;\"><strong>Lunes 7<\/strong><\/span><br \/>\n<strong>Veterinaria:<\/strong> 15-17 h<br \/>\n<strong>Inform\u00e1tica: Excel\u00a0<\/strong>17-19 h<\/td>\n<td><span style=\"color: #1a88ca;\"><strong>Martes 8<\/strong><\/span><br \/>\n<strong>Nutrici\u00f3n: <\/strong>16-18 h<\/td>\n<td><span style=\"color: #1a88ca;\"><strong>Mi\u00e9rcoles 9<\/strong><\/span><br \/>\n<b>Jur\u00eddico: Test Estatuto<\/b>\u00a016-18 h<\/td>\n<td><span style=\"color: #1a88ca;\"><strong>Jueves 10<\/strong><\/span><br \/>\n<strong>Inform\u00e1tica: Access<\/strong> 12-14 h<br \/>\n<strong>Ingl\u00e9s:<\/strong><br \/>\nIniciaci\u00f3n 17:00 a 18:00 h<br \/>\nIntermedio 18:15 a 19:15 h<\/td>\n<td><span style=\"color: #1a88ca;\"><strong>Viernes 11<\/strong><\/span><br \/>\n<b>ESO:\u00a0<\/b>10-12 h<\/td>\n<\/tr>\n<tr>\n<td><span style=\"color: #1a88ca;\"><strong>Lunes\u00a014<\/strong><\/span><br \/>\n<strong>Inform\u00e1tica: Excel<\/strong> 17-19 h<\/td>\n<td><span style=\"color: #1a88ca;\"><strong>Martes\u00a015<\/strong><\/span><br \/>\n<strong>Atenci\u00f3n Sociosanitaria: para certificados de profesionalidad<\/strong>\u00a011-13 h<\/td>\n<td><span style=\"color: #1a88ca;\"><strong>Mi\u00e9rcoles 16<\/strong><\/span><br \/>\n<strong>Atenci\u00f3n Sociosanitaria:\u00a0para certificados de profesionalidad<\/strong>\u00a011-13 h<br \/>\n<strong>Jur\u00eddico: DL 2\/2004 de Haciendas Locales<\/strong> 16-18 h<br \/>\n<strong>Manipulador de alimentos:\u00a0<\/strong>16-18 h<\/td>\n<td><span style=\"color: #1a88ca;\"><strong>Jueves 17<\/strong><\/span><br \/>\n<strong>Preparador F\u00edsico\u00a0<\/strong>\u00a010-14 h<br \/>\n<strong>Inform\u00e1tica: Access\u00a0<\/strong>12-14 h<br \/>\n<strong>Ingl\u00e9s:<\/strong><br \/>\nIniciaci\u00f3n 17:00 a 18:00 h<br \/>\nIntermedio 18:15 a 19:15 h<\/td>\n<td><span style=\"color: #1a88ca;\"><strong>Viernes 18<\/strong><\/span><\/td>\n<\/tr>\n<tr>\n<td><span style=\"color: #1a88ca;\"><strong>Lunes 21<\/strong><\/span><br \/>\n<strong>Inform\u00e1tica: Excel\u00a0<\/strong>17-19 h<\/td>\n<td><span style=\"color: #1a88ca;\"><strong>Martes\u00a022<\/strong><\/span><br \/>\n<strong>Nutrici\u00f3n:\u00a0<\/strong>\u00a016-18 h<\/td>\n<td><span style=\"color: #1a88ca;\"><strong>Mi\u00e9rcoles\u00a023<\/strong><\/span><br \/>\n<strong>Jur\u00eddico: Ley de violencia de g\u00e9nero<\/strong>\u00a016-18 h<\/td>\n<td><span style=\"color: #1a88ca;\"><strong>Jueves\u00a024<\/strong><\/span><br \/>\n<strong>Inform\u00e1tica: Access\u00a0<\/strong>12-14 h<br \/>\n<strong>Ingl\u00e9s:<\/strong><br \/>\nIniciaci\u00f3n 17:00 a 18:00 h<br \/>\nIntermedio 18:15 a 19:15 h<\/td>\n<td><span style=\"color: #1a88ca;\"><strong>Viernes\u00a025<\/strong><\/span><br \/>\n<b>ESO:\u00a0<\/b>10-12 h<\/td>\n<\/tr>\n<tr>\n<td style=\"width: 20%;\"><span style=\"color: #1a88ca;\"><strong>Lunes 28<\/strong><\/span><br \/>\n<strong>Inform\u00e1tica: Excel\u00a0<\/strong>17-19 h<\/td>\n<td style=\"width: 20%;\"><span style=\"color: #1a88ca;\"><strong>Martes 29<\/strong><\/span><br \/>\n<strong>Primeros Auxilios:<\/strong> 16-20 h<\/td>\n<td style=\"width: 20%;\"><span style=\"color: #1a88ca;\"><strong>Mi\u00e9rcoles 30<\/strong><\/span><br \/>\n<strong>Jur\u00eddico: Ley de igualdad<\/strong> 16-18 h<br \/>\n<strong>Primeros Auxilios:<\/strong> 16-20 h<\/td>\n<td style=\"width: 20%;\"><span style=\"color: #1a88ca;\"><strong>Jueves 31<\/strong><\/span><br \/>\n<strong>Inform\u00e1tica: Access\u00a0<\/strong>12-14 h<br \/>\n<strong>Ingl\u00e9s:<\/strong><br \/>\nIniciaci\u00f3n 17:00 a 18:00 h<br \/>\nIntermedio 18:15 a 19:15 h<\/td>\n<td style=\"width: 20%;\"><\/td>\n<\/tr>\n<\/tbody>\n<\/table>\n<p>Hemos de recordaros que <strong>para apuntaros a determinados seminarios<\/strong>, como \u00abManipulador de Alimentos\u00bb o \u00abPrimeros Auxilios\u00bb <strong>hay que avisar obligatoriamente de la asistencia<\/strong>. \u00a1Disfrutad y sacad todo el provecho a vuestra formaci\u00f3n!<\/p>\n<p>Cualquier novedad la pod\u00e9is descubrir en nuestro facebook de empresa:<br \/>\n<a href=\"https:\/\/www.facebook.com\/Agorastur\/\">Facebook \u00e1gorAstur formaci\u00f3n<\/a><\/p>\n","protected":false},"excerpt":{"rendered":"<p>Seminarios de mayo en \u00e1gorAstur formaci\u00f3n. La formaci\u00f3n que est\u00e1is buscando la encontrar\u00e9is en nuestros centros de Oviedo, Gij\u00f3n, Avil\u00e9s, Langreo y pr\u00f3ximamente en Le\u00f3n. Disponemos de los mejores profesionales, las mejores instalaciones y los mejores contenidos. Todos estos seminarios son complementarios a todos nuestros cursos, t\u00fa tambi\u00e9n puedes participar en ellos.<\/p>\n","protected":false},"author":1,"featured_media":1951,"comment_status":"closed","ping_status":"closed","sticky":false,"template":"","format":"standard","meta":{"_jetpack_newsletter_access":"","_jetpack_dont_email_post_to_subs":false,"_jetpack_newsletter_tier_id":0,"_jetpack_memberships_contains_paywalled_content":false,"_jetpack_memberships_contains_paid_content":false,"footnotes":""},"categories":[40],"tags":[106,121,102,84,41],"ppma_author":[259],"class_list":{"0":"post-1950","1":"post","2":"type-post","3":"status-publish","4":"format-standard","5":"has-post-thumbnail","7":"category-seminarios","8":"tag-106","9":"tag-cursos","10":"tag-formacion","11":"tag-mayo","12":"tag-seminarios"},"yoast_head":"<!-- This site is optimized with the Yoast SEO plugin v27.4 - https:\/\/yoast.com\/product\/yoast-seo-wordpress\/ -->\r\n<title>Seminarios de Mayo del 2018 - blog \u00e1gorAstur Formaci\u00f3n<\/title>\r\n<meta name=\"robots\" content=\"noindex, follow\" \/>\r\n<meta property=\"og:locale\" content=\"es_ES\" \/>\r\n<meta property=\"og:type\" content=\"article\" \/>\r\n<meta property=\"og:title\" content=\"Seminarios de Mayo del 2018 - blog \u00e1gorAstur Formaci\u00f3n\" \/>\r\n<meta property=\"og:description\" content=\"Seminarios de mayo en \u00e1gorAstur formaci\u00f3n. La formaci\u00f3n que est\u00e1is buscando la encontrar\u00e9is en nuestros centros de Oviedo, Gij\u00f3n, Avil\u00e9s, Langreo y pr\u00f3ximamente en Le\u00f3n. Disponemos de los mejores profesionales, las mejores instalaciones y los mejores contenidos. Todos estos seminarios son complementarios a todos nuestros cursos, t\u00fa tambi\u00e9n puedes participar en ellos.\" \/>\r\n<meta property=\"og:url\" content=\"https:\/\/agorastur.es\/blog\/seminarios-mayo-2018\/\" \/>\r\n<meta property=\"og:site_name\" content=\"blog \u00e1gorAstur Formaci\u00f3n\" \/>\r\n<meta property=\"article:publisher\" content=\"https:\/\/www.facebook.com\/agorasturformacion\" \/>\r\n<meta property=\"article:published_time\" content=\"2018-04-26T16:02:31+00:00\" \/>\r\n<meta property=\"article:modified_time\" content=\"2020-07-21T17:36:36+00:00\" \/>\r\n<meta property=\"og:image\" content=\"https:\/\/agorastur.es\/blog\/wp-content\/uploads\/2018\/04\/teaching-661748_1280.jpg\" \/>\r\n\t<meta property=\"og:image:width\" content=\"800\" \/>\r\n\t<meta property=\"og:image:height\" content=\"550\" \/>\r\n\t<meta property=\"og:image:type\" content=\"image\/jpeg\" \/>\r\n<meta name=\"author\" content=\"\u00e1gorAstur Formaci\u00f3n\" \/>\r\n<meta name=\"twitter:card\" content=\"summary_large_image\" \/>\r\n<meta name=\"twitter:creator\" content=\"@Agorastur\" \/>\r\n<meta name=\"twitter:site\" content=\"@Agorastur\" \/>\r\n<meta name=\"twitter:label1\" content=\"Escrito por\" \/>\n\t<meta name=\"twitter:data1\" content=\"\u00e1gorAstur Formaci\u00f3n\" \/>\n\t<meta name=\"twitter:label2\" content=\"Tiempo de lectura\" \/>\n\t<meta name=\"twitter:data2\" content=\"3 minutos\" \/>\r\n<script type=\"application\/ld+json\" class=\"yoast-schema-graph\">{\"@context\":\"https:\\\/\\\/schema.org\",\"@graph\":[{\"@type\":\"Article\",\"@id\":\"https:\\\/\\\/agorastur.es\\\/blog\\\/seminarios-mayo-2018\\\/#article\",\"isPartOf\":{\"@id\":\"https:\\\/\\\/agorastur.es\\\/blog\\\/seminarios-mayo-2018\\\/\"},\"author\":{\"name\":\"\u00e1gorAstur Formaci\u00f3n\",\"@id\":\"https:\\\/\\\/agorastur.es\\\/blog\\\/#\\\/schema\\\/person\\\/e22add2390185670fd9a54413f42e33e\"},\"headline\":\"Seminarios de Mayo del 2018\",\"datePublished\":\"2018-04-26T16:02:31+00:00\",\"dateModified\":\"2020-07-21T17:36:36+00:00\",\"mainEntityOfPage\":{\"@id\":\"https:\\\/\\\/agorastur.es\\\/blog\\\/seminarios-mayo-2018\\\/\"},\"wordCount\":551,\"publisher\":{\"@id\":\"https:\\\/\\\/agorastur.es\\\/blog\\\/#organization\"},\"image\":{\"@id\":\"https:\\\/\\\/agorastur.es\\\/blog\\\/seminarios-mayo-2018\\\/#primaryimage\"},\"thumbnailUrl\":\"https:\\\/\\\/agorastur.es\\\/blog\\\/wp-content\\\/uploads\\\/2018\\\/04\\\/teaching-661748_1280.jpg\",\"keywords\":[\"2018\",\"cursos\",\"formaci\u00f3n\",\"mayo\",\"seminarios\"],\"articleSection\":[\"Seminarios\"],\"inLanguage\":\"es\"},{\"@type\":\"WebPage\",\"@id\":\"https:\\\/\\\/agorastur.es\\\/blog\\\/seminarios-mayo-2018\\\/\",\"url\":\"https:\\\/\\\/agorastur.es\\\/blog\\\/seminarios-mayo-2018\\\/\",\"name\":\"Seminarios de Mayo del 2018 - blog \u00e1gorAstur Formaci\u00f3n\",\"isPartOf\":{\"@id\":\"https:\\\/\\\/agorastur.es\\\/blog\\\/#website\"},\"primaryImageOfPage\":{\"@id\":\"https:\\\/\\\/agorastur.es\\\/blog\\\/seminarios-mayo-2018\\\/#primaryimage\"},\"image\":{\"@id\":\"https:\\\/\\\/agorastur.es\\\/blog\\\/seminarios-mayo-2018\\\/#primaryimage\"},\"thumbnailUrl\":\"https:\\\/\\\/agorastur.es\\\/blog\\\/wp-content\\\/uploads\\\/2018\\\/04\\\/teaching-661748_1280.jpg\",\"datePublished\":\"2018-04-26T16:02:31+00:00\",\"dateModified\":\"2020-07-21T17:36:36+00:00\",\"breadcrumb\":{\"@id\":\"https:\\\/\\\/agorastur.es\\\/blog\\\/seminarios-mayo-2018\\\/#breadcrumb\"},\"inLanguage\":\"es\",\"potentialAction\":[{\"@type\":\"ReadAction\",\"target\":[\"https:\\\/\\\/agorastur.es\\\/blog\\\/seminarios-mayo-2018\\\/\"]}]},{\"@type\":\"ImageObject\",\"inLanguage\":\"es\",\"@id\":\"https:\\\/\\\/agorastur.es\\\/blog\\\/seminarios-mayo-2018\\\/#primaryimage\",\"url\":\"https:\\\/\\\/agorastur.es\\\/blog\\\/wp-content\\\/uploads\\\/2018\\\/04\\\/teaching-661748_1280.jpg\",\"contentUrl\":\"https:\\\/\\\/agorastur.es\\\/blog\\\/wp-content\\\/uploads\\\/2018\\\/04\\\/teaching-661748_1280.jpg\",\"width\":\"800\",\"height\":\"550\"},{\"@type\":\"BreadcrumbList\",\"@id\":\"https:\\\/\\\/agorastur.es\\\/blog\\\/seminarios-mayo-2018\\\/#breadcrumb\",\"itemListElement\":[{\"@type\":\"ListItem\",\"position\":1,\"name\":\"\u00e1gorAstur\",\"item\":\"https:\\\/\\\/agorastur.es\\\/blog\\\/\"},{\"@type\":\"ListItem\",\"position\":2,\"name\":\"Seminarios\",\"item\":\"https:\\\/\\\/agorastur.es\\\/blog\\\/novedades\\\/seminarios\\\/\"},{\"@type\":\"ListItem\",\"position\":3,\"name\":\"Seminarios de Mayo del 2018\"}]},{\"@type\":\"WebSite\",\"@id\":\"https:\\\/\\\/agorastur.es\\\/blog\\\/#website\",\"url\":\"https:\\\/\\\/agorastur.es\\\/blog\\\/\",\"name\":\"blog \u00e1gorAstur Formaci\u00f3n\",\"description\":\"Formaci\u00f3n en Asturias y Le\u00f3n\",\"publisher\":{\"@id\":\"https:\\\/\\\/agorastur.es\\\/blog\\\/#organization\"},\"potentialAction\":[{\"@type\":\"SearchAction\",\"target\":{\"@type\":\"EntryPoint\",\"urlTemplate\":\"https:\\\/\\\/agorastur.es\\\/blog\\\/?s={search_term_string}\"},\"query-input\":{\"@type\":\"PropertyValueSpecification\",\"valueRequired\":true,\"valueName\":\"search_term_string\"}}],\"inLanguage\":\"es\"},{\"@type\":\"Organization\",\"@id\":\"https:\\\/\\\/agorastur.es\\\/blog\\\/#organization\",\"name\":\"Grupo Agorastur, S.L.\",\"url\":\"https:\\\/\\\/agorastur.es\\\/blog\\\/\",\"logo\":{\"@type\":\"ImageObject\",\"inLanguage\":\"es\",\"@id\":\"https:\\\/\\\/agorastur.es\\\/blog\\\/#\\\/schema\\\/logo\\\/image\\\/\",\"url\":\"https:\\\/\\\/agorastur.es\\\/blog\\\/wp-content\\\/uploads\\\/2025\\\/03\\\/cropped-rrss.png\",\"contentUrl\":\"https:\\\/\\\/agorastur.es\\\/blog\\\/wp-content\\\/uploads\\\/2025\\\/03\\\/cropped-rrss.png\",\"width\":512,\"height\":512,\"caption\":\"Grupo Agorastur, S.L.\"},\"image\":{\"@id\":\"https:\\\/\\\/agorastur.es\\\/blog\\\/#\\\/schema\\\/logo\\\/image\\\/\"},\"sameAs\":[\"https:\\\/\\\/www.facebook.com\\\/agorasturformacion\",\"https:\\\/\\\/x.com\\\/Agorastur\"]},{\"@type\":\"Person\",\"@id\":\"https:\\\/\\\/agorastur.es\\\/blog\\\/#\\\/schema\\\/person\\\/e22add2390185670fd9a54413f42e33e\",\"name\":\"\u00e1gorAstur Formaci\u00f3n\",\"image\":{\"@type\":\"ImageObject\",\"inLanguage\":\"es\",\"@id\":\"https:\\\/\\\/agorastur.es\\\/blog\\\/wp-content\\\/uploads\\\/2025\\\/03\\\/cropped-favicon-1-96x96.png07751c8812e77018f06c4e5a1412ef3a\",\"url\":\"https:\\\/\\\/agorastur.es\\\/blog\\\/wp-content\\\/uploads\\\/2025\\\/03\\\/cropped-favicon-1-96x96.png\",\"contentUrl\":\"https:\\\/\\\/agorastur.es\\\/blog\\\/wp-content\\\/uploads\\\/2025\\\/03\\\/cropped-favicon-1-96x96.png\",\"caption\":\"\u00e1gorAstur Formaci\u00f3n\"},\"sameAs\":[\"http:\\\/\\\/agorastur.es\"],\"url\":\"https:\\\/\\\/agorastur.es\\\/blog\\\/author\\\/agorastur\\\/\"}]}<\/script>\r\n<!-- \/ Yoast SEO plugin. -->","yoast_head_json":{"title":"Seminarios de Mayo del 2018 - blog \u00e1gorAstur Formaci\u00f3n","robots":{"index":"noindex","follow":"follow"},"og_locale":"es_ES","og_type":"article","og_title":"Seminarios de Mayo del 2018 - blog \u00e1gorAstur Formaci\u00f3n","og_description":"Seminarios de mayo en \u00e1gorAstur formaci\u00f3n. La formaci\u00f3n que est\u00e1is buscando la encontrar\u00e9is en nuestros centros de Oviedo, Gij\u00f3n, Avil\u00e9s, Langreo y pr\u00f3ximamente en Le\u00f3n. Disponemos de los mejores profesionales, las mejores instalaciones y los mejores contenidos. Todos estos seminarios son complementarios a todos nuestros cursos, t\u00fa tambi\u00e9n puedes participar en ellos.","og_url":"https:\/\/agorastur.es\/blog\/seminarios-mayo-2018\/","og_site_name":"blog \u00e1gorAstur Formaci\u00f3n","article_publisher":"https:\/\/www.facebook.com\/agorasturformacion","article_published_time":"2018-04-26T16:02:31+00:00","article_modified_time":"2020-07-21T17:36:36+00:00","og_image":[{"width":800,"height":550,"url":"https:\/\/agorastur.es\/blog\/wp-content\/uploads\/2018\/04\/teaching-661748_1280.jpg","type":"image\/jpeg"}],"author":"\u00e1gorAstur Formaci\u00f3n","twitter_card":"summary_large_image","twitter_creator":"@Agorastur","twitter_site":"@Agorastur","twitter_misc":{"Escrito por":"\u00e1gorAstur Formaci\u00f3n","Tiempo de lectura":"3 minutos"},"schema":{"@context":"https:\/\/schema.org","@graph":[{"@type":"Article","@id":"https:\/\/agorastur.es\/blog\/seminarios-mayo-2018\/#article","isPartOf":{"@id":"https:\/\/agorastur.es\/blog\/seminarios-mayo-2018\/"},"author":{"name":"\u00e1gorAstur Formaci\u00f3n","@id":"https:\/\/agorastur.es\/blog\/#\/schema\/person\/e22add2390185670fd9a54413f42e33e"},"headline":"Seminarios de Mayo del 2018","datePublished":"2018-04-26T16:02:31+00:00","dateModified":"2020-07-21T17:36:36+00:00","mainEntityOfPage":{"@id":"https:\/\/agorastur.es\/blog\/seminarios-mayo-2018\/"},"wordCount":551,"publisher":{"@id":"https:\/\/agorastur.es\/blog\/#organization"},"image":{"@id":"https:\/\/agorastur.es\/blog\/seminarios-mayo-2018\/#primaryimage"},"thumbnailUrl":"https:\/\/agorastur.es\/blog\/wp-content\/uploads\/2018\/04\/teaching-661748_1280.jpg","keywords":["2018","cursos","formaci\u00f3n","mayo","seminarios"],"articleSection":["Seminarios"],"inLanguage":"es"},{"@type":"WebPage","@id":"https:\/\/agorastur.es\/blog\/seminarios-mayo-2018\/","url":"https:\/\/agorastur.es\/blog\/seminarios-mayo-2018\/","name":"Seminarios de Mayo del 2018 - blog \u00e1gorAstur Formaci\u00f3n","isPartOf":{"@id":"https:\/\/agorastur.es\/blog\/#website"},"primaryImageOfPage":{"@id":"https:\/\/agorastur.es\/blog\/seminarios-mayo-2018\/#primaryimage"},"image":{"@id":"https:\/\/agorastur.es\/blog\/seminarios-mayo-2018\/#primaryimage"},"thumbnailUrl":"https:\/\/agorastur.es\/blog\/wp-content\/uploads\/2018\/04\/teaching-661748_1280.jpg","datePublished":"2018-04-26T16:02:31+00:00","dateModified":"2020-07-21T17:36:36+00:00","breadcrumb":{"@id":"https:\/\/agorastur.es\/blog\/seminarios-mayo-2018\/#breadcrumb"},"inLanguage":"es","potentialAction":[{"@type":"ReadAction","target":["https:\/\/agorastur.es\/blog\/seminarios-mayo-2018\/"]}]},{"@type":"ImageObject","inLanguage":"es","@id":"https:\/\/agorastur.es\/blog\/seminarios-mayo-2018\/#primaryimage","url":"https:\/\/agorastur.es\/blog\/wp-content\/uploads\/2018\/04\/teaching-661748_1280.jpg","contentUrl":"https:\/\/agorastur.es\/blog\/wp-content\/uploads\/2018\/04\/teaching-661748_1280.jpg","width":"800","height":"550"},{"@type":"BreadcrumbList","@id":"https:\/\/agorastur.es\/blog\/seminarios-mayo-2018\/#breadcrumb","itemListElement":[{"@type":"ListItem","position":1,"name":"\u00e1gorAstur","item":"https:\/\/agorastur.es\/blog\/"},{"@type":"ListItem","position":2,"name":"Seminarios","item":"https:\/\/agorastur.es\/blog\/novedades\/seminarios\/"},{"@type":"ListItem","position":3,"name":"Seminarios de Mayo del 2018"}]},{"@type":"WebSite","@id":"https:\/\/agorastur.es\/blog\/#website","url":"https:\/\/agorastur.es\/blog\/","name":"blog \u00e1gorAstur Formaci\u00f3n","description":"Formaci\u00f3n en Asturias y Le\u00f3n","publisher":{"@id":"https:\/\/agorastur.es\/blog\/#organization"},"potentialAction":[{"@type":"SearchAction","target":{"@type":"EntryPoint","urlTemplate":"https:\/\/agorastur.es\/blog\/?s={search_term_string}"},"query-input":{"@type":"PropertyValueSpecification","valueRequired":true,"valueName":"search_term_string"}}],"inLanguage":"es"},{"@type":"Organization","@id":"https:\/\/agorastur.es\/blog\/#organization","name":"Grupo Agorastur, S.L.","url":"https:\/\/agorastur.es\/blog\/","logo":{"@type":"ImageObject","inLanguage":"es","@id":"https:\/\/agorastur.es\/blog\/#\/schema\/logo\/image\/","url":"https:\/\/agorastur.es\/blog\/wp-content\/uploads\/2025\/03\/cropped-rrss.png","contentUrl":"https:\/\/agorastur.es\/blog\/wp-content\/uploads\/2025\/03\/cropped-rrss.png","width":512,"height":512,"caption":"Grupo Agorastur, S.L."},"image":{"@id":"https:\/\/agorastur.es\/blog\/#\/schema\/logo\/image\/"},"sameAs":["https:\/\/www.facebook.com\/agorasturformacion","https:\/\/x.com\/Agorastur"]},{"@type":"Person","@id":"https:\/\/agorastur.es\/blog\/#\/schema\/person\/e22add2390185670fd9a54413f42e33e","name":"\u00e1gorAstur Formaci\u00f3n","image":{"@type":"ImageObject","inLanguage":"es","@id":"https:\/\/agorastur.es\/blog\/wp-content\/uploads\/2025\/03\/cropped-favicon-1-96x96.png07751c8812e77018f06c4e5a1412ef3a","url":"https:\/\/agorastur.es\/blog\/wp-content\/uploads\/2025\/03\/cropped-favicon-1-96x96.png","contentUrl":"https:\/\/agorastur.es\/blog\/wp-content\/uploads\/2025\/03\/cropped-favicon-1-96x96.png","caption":"\u00e1gorAstur Formaci\u00f3n"},"sameAs":["http:\/\/agorastur.es"],"url":"https:\/\/agorastur.es\/blog\/author\/agorastur\/"}]}},"jetpack_featured_media_url":"https:\/\/agorastur.es\/blog\/wp-content\/uploads\/2018\/04\/teaching-661748_1280.jpg","jetpack_sharing_enabled":true,"jetpack_shortlink":"https:\/\/wp.me\/p8kSRz-vs","jetpack-related-posts":[{"id":3743,"url":"https:\/\/agorastur.es\/blog\/seminarios-de-mayo-del-2021\/","url_meta":{"origin":1950,"position":0},"title":"Seminarios de mayo del 2021","author":"\u00e1gorAstur Formaci\u00f3n","date":"03\/05\/2021","format":false,"excerpt":"Damos comienzo el mes de mayo con el calendario de los nuevos seminarios de \u00e1gorAstur Formaci\u00f3n. Durante es mes se llevar\u00e1n a cabo todos online, excepto \"manipulador de alimentos\" y \"primeros auxilios\" que se impartir\u00e1n en las delegaciones de Oviedo y Le\u00f3n respectivamente. \u00bfTe apuntas a alguno?\u00a0","rel":"","context":"En \u00abSeminarios\u00bb","block_context":{"text":"Seminarios","link":"https:\/\/agorastur.es\/blog\/novedades\/seminarios\/"},"img":{"alt_text":"","src":"https:\/\/agorastur.es\/blog\/wp-content\/uploads\/2021\/05\/imagen-seminarios-agorastur.png","width":350,"height":200,"srcset":"https:\/\/agorastur.es\/blog\/wp-content\/uploads\/2021\/05\/imagen-seminarios-agorastur.png 1x, https:\/\/agorastur.es\/blog\/wp-content\/uploads\/2021\/05\/imagen-seminarios-agorastur.png 1.5x, https:\/\/agorastur.es\/blog\/wp-content\/uploads\/2021\/05\/imagen-seminarios-agorastur.png 2x"},"classes":[]},{"id":4294,"url":"https:\/\/agorastur.es\/blog\/seminarios-mayo-2024\/","url_meta":{"origin":1950,"position":1},"title":"Seminarios Mayo de 2024","author":"\u00e1gorAstur Formaci\u00f3n","date":"02\/05\/2024","format":false,"excerpt":"\ud83d\udcdaSEMINARIOS MAYO 2024\ud83d\udcda- Domina Windows 10 como todo un profesional\ud83d\udcbb- Repasa la Ley 7\/85, Reguladora de las Bases del R\u00e9gimen Local\ud83d\udc68\u200d\u2696\ufe0f\ud83e\uddd1\u200d\u2696\ufe0f- Aprende los trucos de Microsoft Office: Word y Excel\ud83d\udca1 Como siempre, pod\u00e9is apuntaros a cualquiera de nuestros seminarios a trav\u00e9s de vuestro tutor o escribi\u00e9ndonos un mensaje al correo\u2026","rel":"","context":"En \u00abSeminarios\u00bb","block_context":{"text":"Seminarios","link":"https:\/\/agorastur.es\/blog\/novedades\/seminarios\/"},"img":{"alt_text":"Seminarios de Agorastur de Mayo de 2024","src":"https:\/\/agorastur.es\/blog\/wp-content\/uploads\/2024\/05\/Blog800-\u00d7-550-px-1.webp","width":350,"height":200,"srcset":"https:\/\/agorastur.es\/blog\/wp-content\/uploads\/2024\/05\/Blog800-\u00d7-550-px-1.webp 1x, https:\/\/agorastur.es\/blog\/wp-content\/uploads\/2024\/05\/Blog800-\u00d7-550-px-1.webp 1.5x, https:\/\/agorastur.es\/blog\/wp-content\/uploads\/2024\/05\/Blog800-\u00d7-550-px-1.webp 2x"},"classes":[]},{"id":4218,"url":"https:\/\/agorastur.es\/blog\/seminarios-de-mayo-2023\/","url_meta":{"origin":1950,"position":2},"title":"Seminarios de Mayo 2023","author":"\u00e1gorAstur Formaci\u00f3n","date":"28\/04\/2023","format":false,"excerpt":"Los seminarios del mes de mayo ya est\u00e1n preparados para que os apunt\u00e9is a vuestro favorito. Si est\u00e1s interesado, confirma tu asistencia con tu tutor o escribi\u00e9ndonos al email\u00a0solicitudes@agorastur.com \u00a1Te esperamos!","rel":"","context":"En \u00abSeminarios\u00bb","block_context":{"text":"Seminarios","link":"https:\/\/agorastur.es\/blog\/novedades\/seminarios\/"},"img":{"alt_text":"seminarios mayo 2023","src":"https:\/\/agorastur.es\/blog\/wp-content\/uploads\/2023\/04\/Blog800-\u00d7-550-px-2.webp","width":350,"height":200,"srcset":"https:\/\/agorastur.es\/blog\/wp-content\/uploads\/2023\/04\/Blog800-\u00d7-550-px-2.webp 1x, https:\/\/agorastur.es\/blog\/wp-content\/uploads\/2023\/04\/Blog800-\u00d7-550-px-2.webp 1.5x, https:\/\/agorastur.es\/blog\/wp-content\/uploads\/2023\/04\/Blog800-\u00d7-550-px-2.webp 2x"},"classes":[]},{"id":3896,"url":"https:\/\/agorastur.es\/blog\/seminarios-de-mayo-del-2022\/","url_meta":{"origin":1950,"position":3},"title":"Seminarios de mayo del 2022","author":"\u00e1gorAstur Formaci\u00f3n","date":"06\/05\/2022","format":false,"excerpt":"Os dejamos el calendario de seminarios te\u00f3ricos y pr\u00e1cticos que se realizar\u00e1n en \u00e1gorAstur durante el mes de mayo. Primeros auxilios, t\u00e9cnicas de estudio, ingl\u00e9s, qu\u00edmica, inform\u00e1tica, jur\u00eddico, manipulador de alimentos... No dudes en apuntarte al que m\u00e1s te interese. Por favor, confirma tu asistencia con tu tutor o al\u2026","rel":"","context":"En \u00abSeminarios\u00bb","block_context":{"text":"Seminarios","link":"https:\/\/agorastur.es\/blog\/novedades\/seminarios\/"},"img":{"alt_text":"seminarios-mayo-2022","src":"https:\/\/agorastur.es\/blog\/wp-content\/uploads\/2022\/05\/seminarios-de-marzo-de-2022-1.png","width":350,"height":200,"srcset":"https:\/\/agorastur.es\/blog\/wp-content\/uploads\/2022\/05\/seminarios-de-marzo-de-2022-1.png 1x, https:\/\/agorastur.es\/blog\/wp-content\/uploads\/2022\/05\/seminarios-de-marzo-de-2022-1.png 1.5x, https:\/\/agorastur.es\/blog\/wp-content\/uploads\/2022\/05\/seminarios-de-marzo-de-2022-1.png 2x"},"classes":[]},{"id":3581,"url":"https:\/\/agorastur.es\/blog\/seminarios-de-enero-del-2021\/","url_meta":{"origin":1950,"position":4},"title":"Seminarios de enero del 2021","author":"\u00e1gorAstur Formaci\u00f3n","date":"02\/01\/2021","format":false,"excerpt":"\u00a1Nuevo a\u00f1o, nuevos seminarios! A continuaci\u00f3n os dejamos el calendario de todos los seminarios que se llevar\u00e1n a cabo en Agorastur Formaci\u00f3n durante el mes de enero de 2021.","rel":"","context":"En \u00abSeminarios\u00bb","block_context":{"text":"Seminarios","link":"https:\/\/agorastur.es\/blog\/novedades\/seminarios\/"},"img":{"alt_text":"seminarios-enero","src":"https:\/\/agorastur.es\/blog\/wp-content\/uploads\/2021\/01\/seminarios-enero-2021.png","width":350,"height":200,"srcset":"https:\/\/agorastur.es\/blog\/wp-content\/uploads\/2021\/01\/seminarios-enero-2021.png 1x, https:\/\/agorastur.es\/blog\/wp-content\/uploads\/2021\/01\/seminarios-enero-2021.png 1.5x, https:\/\/agorastur.es\/blog\/wp-content\/uploads\/2021\/01\/seminarios-enero-2021.png 2x"},"classes":[]},{"id":3517,"url":"https:\/\/agorastur.es\/blog\/seminarios-de-diciembre-del-2020\/","url_meta":{"origin":1950,"position":5},"title":"Seminarios de diciembre del 2020","author":"\u00e1gorAstur Formaci\u00f3n","date":"30\/11\/2020","format":false,"excerpt":"Una mes m\u00e1s, en Agorastur Formaci\u00f3n traemos el calendarios de seminarios que se llevar\u00e1n a cabo durante el mes de diciembre de 2020. Todos ellos se llevar\u00e1n a cabo de forma online, excepto los que aparecen en amarillo \u00abPrimeros Auxilios\u00bb y \u00abManipulador de alimentos\u00bb que se impartir\u00e1n presencialmente en las\u2026","rel":"","context":"En \u00abSeminarios\u00bb","block_context":{"text":"Seminarios","link":"https:\/\/agorastur.es\/blog\/novedades\/seminarios\/"},"img":{"alt_text":"","src":"https:\/\/agorastur.es\/blog\/wp-content\/uploads\/2020\/11\/seminarios-diciembre-agorastur.png","width":350,"height":200,"srcset":"https:\/\/agorastur.es\/blog\/wp-content\/uploads\/2020\/11\/seminarios-diciembre-agorastur.png 1x, https:\/\/agorastur.es\/blog\/wp-content\/uploads\/2020\/11\/seminarios-diciembre-agorastur.png 1.5x, https:\/\/agorastur.es\/blog\/wp-content\/uploads\/2020\/11\/seminarios-diciembre-agorastur.png 2x"},"classes":[]}],"authors":[{"term_id":259,"user_id":1,"is_guest":0,"slug":"agorastur","display_name":"\u00e1gorAstur Formaci\u00f3n","avatar_url":"https:\/\/agorastur.es\/blog\/wp-content\/uploads\/2025\/03\/cropped-favicon-1-96x96.png","1":"","2":"","3":"","4":"","5":"","6":"","7":"","8":""}],"_links":{"self":[{"href":"https:\/\/agorastur.es\/blog\/wp-json\/wp\/v2\/posts\/1950","targetHints":{"allow":["GET"]}}],"collection":[{"href":"https:\/\/agorastur.es\/blog\/wp-json\/wp\/v2\/posts"}],"about":[{"href":"https:\/\/agorastur.es\/blog\/wp-json\/wp\/v2\/types\/post"}],"author":[{"embeddable":true,"href":"https:\/\/agorastur.es\/blog\/wp-json\/wp\/v2\/users\/1"}],"replies":[{"embeddable":true,"href":"https:\/\/agorastur.es\/blog\/wp-json\/wp\/v2\/comments?post=1950"}],"version-history":[{"count":32,"href":"https:\/\/agorastur.es\/blog\/wp-json\/wp\/v2\/posts\/1950\/revisions"}],"predecessor-version":[{"id":3310,"href":"https:\/\/agorastur.es\/blog\/wp-json\/wp\/v2\/posts\/1950\/revisions\/3310"}],"wp:featuredmedia":[{"embeddable":true,"href":"https:\/\/agorastur.es\/blog\/wp-json\/wp\/v2\/media\/1951"}],"wp:attachment":[{"href":"https:\/\/agorastur.es\/blog\/wp-json\/wp\/v2\/media?parent=1950"}],"wp:term":[{"taxonomy":"category","embeddable":true,"href":"https:\/\/agorastur.es\/blog\/wp-json\/wp\/v2\/categories?post=1950"},{"taxonomy":"post_tag","embeddable":true,"href":"https:\/\/agorastur.es\/blog\/wp-json\/wp\/v2\/tags?post=1950"},{"taxonomy":"author","embeddable":true,"href":"https:\/\/agorastur.es\/blog\/wp-json\/wp\/v2\/ppma_author?post=1950"}],"curies":[{"name":"wp","href":"https:\/\/api.w.org\/{rel}","templated":true}]}}