{"id":1718,"date":"2017-12-11T17:35:57","date_gmt":"2017-12-11T16:35:57","guid":{"rendered":"https:\/\/agorastur.es\/blog\/?p=1718"},"modified":"2021-05-04T21:44:41","modified_gmt":"2021-05-04T20:44:41","slug":"oposiciones-agorastur-bolsas-empleo","status":"publish","type":"post","link":"https:\/\/agorastur.es\/blog\/oposiciones-agorastur-bolsas-empleo\/","title":{"rendered":"\u00a1Oposiciones! Prep\u00e1rate en \u00e1gorAstur"},"content":{"rendered":"<p>Os dejamos las <strong>convocatorias a oposiciones<\/strong> que pueden resultar interesantes y algunas <strong>bolsas de empleo<\/strong>.<br \/>\n<a href=\"http:\/\/agorastur.es\">\u00e1gorAstur Formaci\u00f3n<\/a>, tu centro de formaci\u00f3n de confianza.<\/p>\n<p><!--more--><\/p>\n<p><strong>Convocatoria de 19 plazas: Oposiciones de Auxiliar Administrativo en Universidad de Ja\u00e9n<\/strong><br \/>\nAuxiliar Administrativo<br \/>\nConvocante: Universidad de Jaen<br \/>\nGrupo: GRUPO C2<br \/>\nN\u00ba Plazas: 19<br \/>\nPlazas ya convocadas: 19 Tipo: Convocatoria<br \/>\nFecha de publicaci\u00f3n: 11\/12\/2017<br \/>\nPlazo de instancias: 09\/01\/2018 &#8211; 29\/01\/2018<br \/>\nCategor\u00eda: UNIVERSIDAD<br \/>\nOrigen: BOJA n\u00ba 234 de 07\/12\/2017<br \/>\nDocumento Oficial:<br \/>\n<a href=\"http:\/\/www.juntadeandalucia.es\/boja\/2017\/234\/BOJA17-234-00010-21099-01_00126094.pdf\">http:\/\/www.juntadeandalucia.es\/boja\/2017\/234\/BOJA17-234-00010-21099-01_00126094.pdf <\/a><\/p>\n<p><strong>Convocatoria de 1 plaza: Oposiciones de Polic\u00eda Local Andaluc\u00eda en Valdepe\u00f1as De Ja\u00e9n (Ja\u00e9n)<\/strong><br \/>\nPolic\u00eda Local Andaluc\u00eda<br \/>\nConvocante: Valdepe\u00f1as De Ja\u00e9n (Ja\u00e9n)<br \/>\nGrupo: GRUPO C1<br \/>\nN\u00ba Plazas: 1<br \/>\nPlazas ya convocadas: 1 Tipo: Convocatoria<br \/>\nFecha de publicaci\u00f3n: 01\/12\/2017<br \/>\nPlazo de instancias: 04\/12\/2017 &#8211; 04\/01\/2018<br \/>\nCategor\u00eda: LOCAL<br \/>\nOrigen: BOE n\u00ba 292 de 01\/12\/2017. Bases: BOP n\u00ba 212 de 07\/11\/2017<br \/>\nDocumento Oficial Bases:<br \/>\n<a href=\"https:\/\/bop.dipujaen.es\/descargarws.dip?fechaBoletin=2017-11-07&amp;numeroEdicto=4460&amp;ejercicioBop=2017&amp;tipo=bop&amp;anioExpedienteEdicto=2017\">https:\/\/bop.dipujaen.es\/descargarws.dip?fechaBoletin=2017-11-07&amp;numeroEdicto=4460&amp;ejercicioBop=2017&amp;tipo=bop&amp;anioExpedienteEdicto=2017 <\/a><\/p>\n<p><strong>Convocatoria de 23 plazas: Oposiciones de Bomberos en Sevilla (Sevilla)<\/strong><br \/>\nBomberos<br \/>\nConvocante: Sevilla (Sevilla)<br \/>\nGrupo: GRUPO C2<br \/>\nN\u00ba Plazas: 23<br \/>\nPlazas ya convocadas: 23 Tipo: Convocatoria<br \/>\nFecha de publicaci\u00f3n: 01\/12\/2017<br \/>\nPlazo de instancias: 04\/12\/2017 &#8211; 04\/01\/2018<br \/>\nCategor\u00eda: LOCAL<br \/>\nOrigen: BOE n\u00ba 292 de 01\/12\/2017. Bases: BOP n\u00ba 208 de 08\/09\/2017<br \/>\nDocumento Oficial Bases:<br \/>\n<a href=\"http:\/\/www.dipusevilla.es\/system\/modules\/com.saga.sagasuite.theme.diputacion.sevilla.corporativo\/handlers\/download-bop.pdf?id=bdd891af-93b5-11e7-9dc9-0050569fe27b\"> http:\/\/www.dipusevilla.es\/system\/modules\/com.saga.sagasuite.theme.diputacion.sevilla.corporativo\/handlers\/download-bop.pdf?id=bdd891af-93b5-11e7-9dc9-0050569fe27b<\/a><\/p>\n<p><strong>Oferta de 2 plazas: Oposiciones de Polic\u00eda Local en Santanyi (Baleares)<\/strong><br \/>\nPolic\u00eda Local<br \/>\nConvocante: Santanyi (Baleares)<br \/>\nN\u00ba Plazas: 2<br \/>\nTipo: Oferta<br \/>\nFecha de publicaci\u00f3n: 07\/12\/2017<br \/>\nCategor\u00eda: LOCAL<br \/>\nOrigen: BOIB n\u00ba 149 de 07\/12\/2017<br \/>\nDocumento Oficial:<br \/>\n<a href=\"http:\/\/www.caib.es\/eboibfront\/es\/2017\/10745\/602974\/oferta-publica-empleo-2017\">http:\/\/www.caib.es\/eboibfront\/es\/2017\/10745\/602974\/oferta-publica-empleo-2017<\/a><\/p>\n<p><strong>Oferta de 5 plazas: Oposiciones de Polic\u00eda Local de Canarias en Orotava, La (Tenerife)<\/strong><br \/>\nPolic\u00eda Local de Canarias<br \/>\nConvocante: Orotava, La (Tenerife)<br \/>\nN\u00ba Plazas: 5<br \/>\nTipo: Oferta<br \/>\nFecha de publicaci\u00f3n: 04\/12\/2017<br \/>\nCategor\u00eda: LOCAL<br \/>\nOrigen: BOP n\u00ba 145 de 04\/12\/2017<br \/>\nDocumento Oficial:<br \/>\n<a href=\"http:\/\/www.bopsantacruzdetenerife.org\/descargar\/2017\/12\/145\/Bop145-17.pdf\">http:\/\/www.bopsantacruzdetenerife.org\/descargar\/2017\/12\/145\/Bop145-17.pdf<\/a><\/p>\n<p><strong>Oferta de 3 plazas: Oposiciones de Auxiliar Administrativo en Santander (Cantabria)<\/strong><br \/>\nAuxiliar Administrativo<br \/>\nConvocante: Santander (Cantabria)<br \/>\nN\u00ba Plazas: 3<br \/>\nTipo: Oferta<br \/>\nFecha de publicaci\u00f3n: 01\/12\/2017<br \/>\nCategor\u00eda: LOCAL<br \/>\nOrigen: BOC n\u00ba 231 de 01\/12\/2017<br \/>\nDocumento Oficial:<br \/>\n<a href=\"https:\/\/boc.cantabria.es\/boces\/verAnuncioAction.do?idAnuBlob=319878\">https:\/\/boc.cantabria.es\/boces\/verAnuncioAction.do?idAnuBlob=319878 <\/a><br \/>\nObservaciones: 1 plaza libre, 1 plaza reservada a turno de discapacidad y otra a estabilizaci\u00f3n de empleo<\/p>\n<p><strong>Oferta de 12 plazas: Oposiciones de Polic\u00eda Local en Santander (Cantabria)<\/strong><br \/>\nPolic\u00eda Local<br \/>\nConvocante: Santander (Cantabria)<br \/>\nN\u00ba Plazas: 12<br \/>\nTipo: Oferta<br \/>\nFecha de publicaci\u00f3n: 01\/12\/2017<br \/>\nCategor\u00eda: LOCAL<br \/>\nOrigen: BOC n\u00ba 231 de 01\/12\/2017<br \/>\nDocumento Oficial:<br \/>\n<a href=\"https:\/\/boc.cantabria.es\/boces\/verAnuncioAction.do?idAnuBlob=319878\">https:\/\/boc.cantabria.es\/boces\/verAnuncioAction.do?idAnuBlob=319878<\/a><\/p>\n<p><strong>Oferta de 3 plazas: Oposiciones de Bomberos en Santander (Cantabria)<\/strong><br \/>\nBomberos<br \/>\nConvocante: Santander (Cantabria)<br \/>\nN\u00ba Plazas: 3<br \/>\nTipo: Oferta<br \/>\nFecha de publicaci\u00f3n: 01\/12\/2017<br \/>\nCategor\u00eda: LOCAL<br \/>\nOrigen: BOC n\u00ba 231 de 01\/12\/2017<br \/>\nDocumento Oficial:<br \/>\n<a href=\"https:\/\/boc.cantabria.es\/boces\/verAnuncioAction.do?idAnuBlob=319878\">https:\/\/boc.cantabria.es\/boces\/verAnuncioAction.do?idAnuBlob=319878<\/a><br \/>\nObservaciones: Bombero &#8211; conductor.<\/p>\n<p><strong>Oferta de 1 plaza: Oposiciones de Auxiliar Administrativo en Manzanares (Ciudad Real)<\/strong><br \/>\nAuxiliar Administrativo<br \/>\nConvocante: Manzanares (Ciudad Real)<br \/>\nN\u00ba Plazas: 1<br \/>\nTipo: Oferta<br \/>\nFecha de publicaci\u00f3n: 07\/12\/2017<br \/>\nCategor\u00eda: LOCAL<br \/>\nOrigen: BOP n\u00ba 233 de 07\/12\/2017<br \/>\nDocumento Oficial:<br \/>\n<a href=\"http:\/\/bop.sede.dipucr.es\/bop\/2017\/12\/07\">http:\/\/bop.sede.dipucr.es\/bop\/2017\/12\/07<\/a><\/p>\n<p><strong>Oferta de 8 plazas: Oposiciones de Polic\u00eda Local en Burgos (Burgos)<\/strong><br \/>\nPolic\u00eda Local<br \/>\nConvocante: Burgos (Burgos)<br \/>\nN\u00ba Plazas: 8<br \/>\nTipo: Oferta<br \/>\nFecha de publicaci\u00f3n: 05\/12\/2017<br \/>\nCategor\u00eda: LOCAL<br \/>\nOrigen: BOP n\u00ba 228 de 04\/12\/2017<br \/>\nDocumento Oficial:<\/p>\n<p><strong>Oferta de 7 plazas: Oposiciones de Bomberos en Burgos (Burgos)<\/strong><br \/>\nBomberos<br \/>\nConvocante: Burgos (Burgos)<br \/>\nN\u00ba Plazas: 7<br \/>\nTipo: Oferta<br \/>\nFecha de publicaci\u00f3n: 05\/12\/2017<br \/>\nCategor\u00eda: LOCAL<br \/>\nOrigen: BOP n\u00ba 228 de 04\/12\/2017<br \/>\nDocumento Oficial:<\/p>\n<p><strong>Oferta de 2 plazas: Oposiciones de Personal de Servicios en Burgos (Burgos)<\/strong><br \/>\nOposiciones Personal de Servicios<br \/>\nConvocante: Burgos (Burgos)<br \/>\nN\u00ba Plazas: 2<br \/>\nTipo: Oferta<br \/>\nFecha de publicaci\u00f3n: 05\/12\/2017<br \/>\nCategor\u00eda: LOCAL<br \/>\nOrigen: BOP n\u00ba 228 de 04\/12\/2017<br \/>\nDocumento Oficial:<br \/>\nObservaciones: Subalterno<\/p>\n<p><strong>Convocatoria: Oposiciones de Educador Infantil \/ T\u00e9cnico superior en educaci\u00f3n infantil en Cantimpalos (Segovia)<\/strong><br \/>\nEducador Infantil \/ T\u00e9cnico superior en educaci\u00f3n infantil<br \/>\nConvocante: Cantimpalos (Segovia)<br \/>\nGrupo: GRUPO C1<br \/>\nTipo: Convocatoria<br \/>\nFecha de publicaci\u00f3n: 04\/12\/2017<br \/>\nPlazo de instancias: 05\/12\/2017 &#8211; 26\/12\/2017<br \/>\nCategor\u00eda: LOCAL<br \/>\nOrigen: BOP n\u00ba 145 de 04\/12\/2017<br \/>\nDocumento Oficial:<br \/>\nObservaciones: Bolsa de empleo<\/p>\n<p><strong>Oferta de 2 plazas: Oposiciones de Polic\u00eda Local en \u00c1vila (\u00c1vila)<\/strong><br \/>\nPolic\u00eda Local<br \/>\nConvocante: \u00c1vila (\u00c1vila)<br \/>\nN\u00ba Plazas: 2<br \/>\nTipo: Oferta<br \/>\nFecha de publicaci\u00f3n: 01\/12\/2017<br \/>\nCategor\u00eda: LOCAL<br \/>\nOrigen: BOCYL n\u00ba 231 de 01\/12\/2017<br \/>\nDocumento Oficial:<\/p>\n<p><strong>Oferta de 3 plazas: Oposiciones de Bomberos en \u00c1vila (\u00c1vila)<\/strong><br \/>\nBomberos<br \/>\nConvocante: \u00c1vila (\u00c1vila)<br \/>\nN\u00ba Plazas: 3<br \/>\nTipo: Oferta<br \/>\nFecha de publicaci\u00f3n: 01\/12\/2017<br \/>\nCategor\u00eda: LOCAL<br \/>\nOrigen: BOCYL n\u00ba 231 de 01\/12\/2017<br \/>\nDocumento Oficial:<br \/>\nObservaciones: Bombero &#8211; conductor.<\/p>\n<p><strong>Oferta de 3 plazas: Oposiciones de Auxiliar Administratiu y Administratiu para Catalunya en Castello D&#8217;empuries (Gerona)<\/strong><br \/>\nAuxiliar Administratiu y Administratiu para Catalunya<br \/>\nConvocante: Castello D&#8217;empuries (Gerona)<br \/>\nN\u00ba Plazas: 3<br \/>\nTipo: Oferta<br \/>\nFecha de publicaci\u00f3n: 07\/12\/2017<br \/>\nCategor\u00eda: LOCAL<br \/>\nOrigen: DOGC n\u00ba 7512 de 07\/12\/2017<br \/>\nDocumento Oficial:<\/p>\n<p><strong>Oferta de 4 plazas: Oposiciones de Polic\u00eda local de Catalu\u00f1a en Castello D&#8217;empuries (Gerona)<\/strong><br \/>\nPolic\u00eda local de Catalu\u00f1a<br \/>\nConvocante: Castello D&#8217;empuries (Gerona)<br \/>\nN\u00ba Plazas: 4<br \/>\nTipo: Oferta<br \/>\nFecha de publicaci\u00f3n: 07\/12\/2017<br \/>\nCategor\u00eda: LOCAL<br \/>\nOrigen: DOGC n\u00ba 7512 de 07\/12\/2017<br \/>\nDocumento Oficial:<\/p>\n<p><strong>Oferta de 3 plazas: Oposiciones de Polic\u00eda local de Catalu\u00f1a en Ripollet (Barcelona)<\/strong><br \/>\nPolic\u00eda local de Catalu\u00f1a<br \/>\nConvocante: Ripollet (Barcelona)<br \/>\nN\u00ba Plazas: 3<br \/>\nTipo: Oferta<br \/>\nFecha de publicaci\u00f3n: 07\/12\/2017<br \/>\nCategor\u00eda: LOCAL<br \/>\nOrigen: DOGC n\u00ba 7512 de 07\/12\/2017<br \/>\nDocumento Oficial:<\/p>\n<p><strong>Oferta de 1 plaza: Oposiciones de Auxiliar Administratiu y Administratiu para Catalunya en Ripollet (Barcelona)<\/strong><br \/>\nAuxiliar Administratiu y Administratiu para Catalunya<br \/>\nConvocante: Ripollet (Barcelona)<br \/>\nN\u00ba Plazas: 1<br \/>\nTipo: Oferta<br \/>\nFecha de publicaci\u00f3n: 07\/12\/2017<br \/>\nCategor\u00eda: LOCAL<br \/>\nOrigen: DOGC n\u00ba 7512 de 07\/12\/2017<br \/>\nDocumento Oficial:<\/p>\n<p><strong>Convocatoria de 1 plaza: Oposiciones de Auxiliar Administratiu y Administratiu para Catalunya en Bellver De Cerdanya (L\u00e9rida)<\/strong><br \/>\nAuxiliar Administratiu y Administratiu para Catalunya<br \/>\nConvocante: Bellver De Cerdanya (L\u00e9rida)<br \/>\nGrupo: GRUPO C2<br \/>\nN\u00ba Plazas: 1<br \/>\nPlazas ya convocadas: 1 Tipo: Convocatoria<br \/>\nFecha de publicaci\u00f3n: 07\/12\/2017<br \/>\nPlazo de instancias: 08\/12\/2017 &#8211; 22\/12\/2017<br \/>\nCategor\u00eda: LOCAL<br \/>\nOrigen: DOGC n\u00ba 7512 de 07\/12\/2017. Bases: BOP n\u00ba 227 de 24\/11\/2017<br \/>\nDocumento Oficial Bases:<br \/>\n<a href=\"https:\/\/bop.diputaciolleida.cat\/faces\/consultaF\/servlets\/donarEdicte\/?id=2017_227_8196\">https:\/\/bop.diputaciolleida.cat\/faces\/consultaF\/servlets\/donarEdicte\/?id=2017_227_8196<\/a><\/p>\n<p><strong>Convocatoria de 1 plaza: Oposiciones de Auxiliar Administratiu y Administratiu para Catalunya en Catllar, El (Tarragona)<\/strong><br \/>\nAuxiliar Administratiu y Administratiu para Catalunya<br \/>\nConvocante: Catllar, El (Tarragona)<br \/>\nGrupo: GRUPO C2<br \/>\nN\u00ba Plazas: 1<br \/>\nPlazas ya convocadas: 1 Tipo: Convocatoria<br \/>\nFecha de publicaci\u00f3n: 07\/12\/2017<br \/>\nPlazo de instancias: 08\/12\/2017 &#8211; 27\/12\/2017<br \/>\nCategor\u00eda: LOCAL<br \/>\nOrigen: BOP n\u00ba 228 de 27\/11\/2017<br \/>\nDocumento Oficial Bases:<br \/>\n<a href=\"https:\/\/www.diputaciodetarragona.cat\/ebop\/index.php?op=dwn&amp;tipus=i&amp;data=20171127&amp;anyp=2017&amp;num=09695&amp;v=i\">https:\/\/www.diputaciodetarragona.cat\/ebop\/index.php?op=dwn&amp;tipus=i&amp;data=20171127&amp;anyp=2017&amp;num=09695&amp;v=i<\/a><\/p>\n<p><strong>Convocatoria: Oposiciones de Educador Infantil \/ T\u00e9cnico superior en educaci\u00f3n infantil en Sant Julia De Vilatorta (Barcelona)<\/strong><br \/>\nEducador Infantil \/ T\u00e9cnico superior en educaci\u00f3n infantil<br \/>\nConvocante: Sant Julia De Vilatorta (Barcelona)<br \/>\nGrupo: GRUPO C1<br \/>\nTipo: Convocatoria<br \/>\nFecha de publicaci\u00f3n: 05\/12\/2017<br \/>\nPlazo de instancias: 06\/12\/2017 &#8211; 26\/12\/2017<br \/>\nCategor\u00eda: LOCAL<br \/>\nOrigen: BOP de 05\/12\/2017. Bases: DOGC n\u00ba 7508 de 30\/11\/2017<br \/>\nDocumento Oficial Bases:<br \/>\n<a href=\"http:\/\/portaldogc.gencat.cat\/utilsEADOP\/PDF\/7508\/1646852.pdf\">http:\/\/portaldogc.gencat.cat\/utilsEADOP\/PDF\/7508\/1646852.pdf<\/a><br \/>\nObservaciones: Bolsa de trabajo<\/p>\n<p><strong>Oferta de 2 plazas: Oposiciones de Auxiliar Administratiu y Administratiu para Catalunya en Santa Margarida I Els Monjos (Barcelona)<\/strong><br \/>\nAuxiliar Administratiu y Administratiu para Catalunya<br \/>\nConvocante: Santa Margarida I Els Monjos (Barcelona)<br \/>\nN\u00ba Plazas: 2<br \/>\nTipo: Oferta<br \/>\nFecha de publicaci\u00f3n: 04\/12\/2017<br \/>\nCategor\u00eda: LOCAL<br \/>\nOrigen: BOP de 04\/12\/2017<br \/>\nDocumento Oficial:<br \/>\n<a href=\"https:\/\/bop.diba.cat\/scripts\/ftpisa.aspx?fnew?bop2017&amp;12\/022017023378.pdf&amp;1\">https:\/\/bop.diba.cat\/scripts\/ftpisa.aspx?fnew?bop2017&amp;12\/022017023378.pdf&amp;1<\/a><br \/>\nObservaciones: Administrativos<\/p>\n<p><strong>Convocatoria de 1 plaza: Oposiciones de Auxiliar Administratiu y Administratiu para Catalunya en Biure (Gerona)<\/strong><br \/>\nAuxiliar Administratiu y Administratiu para Catalunya<br \/>\nConvocante: Biure (Gerona)<br \/>\nGrupo: GRUPO C2<br \/>\nN\u00ba Plazas: 1<br \/>\nPlazas ya convocadas: 1 Tipo: Convocatoria<br \/>\nFecha de publicaci\u00f3n: 04\/12\/2017<br \/>\nPlazo de instancias: 05\/12\/2017 &#8211; 26\/12\/2017<br \/>\nCategor\u00eda: LOCAL<br \/>\nOrigen: DOGC n\u00ba 7510 de 04\/12\/2017. Bases: BOP n\u00ba 223 de 22\/11\/2017<br \/>\nDocumento Oficial Bases:<br \/>\n<a href=\"https:\/\/ssl4.ddgi.cat\/bopV1\/pdf\/2017\/223\/201722309695.pdf\">https:\/\/ssl4.ddgi.cat\/bopV1\/pdf\/2017\/223\/201722309695.pdf <\/a><\/p>\n<p><strong>Convocatoria: Oposiciones de Personal de Servicios en Gava (Barcelona)<\/strong><br \/>\nPersonal de Servicios<br \/>\nConvocante: Gava (Barcelona)<br \/>\nGrupo: Agrupaciones profesionales<br \/>\nTipo: Convocatoria<br \/>\nFecha de publicaci\u00f3n: 04\/12\/2017<br \/>\nPlazo de instancias: 05\/12\/2017 &#8211; 26\/12\/2017<br \/>\nCategor\u00eda: LOCAL<br \/>\nOrigen: DOGC n\u00ba 7510 de 04\/12\/2017<br \/>\nDocumento Oficial Bases:<br \/>\n<a href=\"https:\/\/bop.diba.cat\/scripts\/ftpisa.aspx?fnew?bop2017&amp;10\/022017020095.pdf&amp;1\">https:\/\/bop.diba.cat\/scripts\/ftpisa.aspx?fnew?bop2017&amp;10\/022017020095.pdf&amp;1<\/a><\/p>\n<p><strong>Convocatoria: Oposiciones de Polic\u00eda local de Catalu\u00f1a en Masnou, El (Barcelona)<\/strong><br \/>\nPolic\u00eda local de Catalu\u00f1a<br \/>\nConvocante: Masnou, El (Barcelona)<br \/>\nGrupo: GRUPO C1<br \/>\nTipo: Convocatoria<br \/>\nFecha de publicaci\u00f3n: 01\/12\/2017<br \/>\nPlazo de instancias: 02\/12\/2017 &#8211; 21\/12\/2017<br \/>\nCategor\u00eda: LOCAL<br \/>\nOrigen: BOP de 01\/12\/2017<br \/>\nDocumento Oficial:<br \/>\n<a href=\"https:\/\/bop.diba.cat\/scripts\/ftpisa.aspx?fnew?bop2017&amp;12\/022017022894.pdf&amp;1\">https:\/\/bop.diba.cat\/scripts\/ftpisa.aspx?fnew?bop2017&amp;12\/022017022894.pdf&amp;1<\/a><br \/>\nObservaciones: Bolsa de trabajo<\/p>\n<p><strong>Convocatoria de 2 plazas: Oposiciones de Polic\u00eda Local en Monforte De Lemos (Lugo)<\/strong><br \/>\nPolic\u00eda Local<br \/>\nConvocante: Monforte De Lemos (Lugo)<br \/>\nGrupo: GRUPO C1<br \/>\nN\u00ba Plazas: 2<br \/>\nPlazas ya convocadas: 2 Tipo: Convocatoria<br \/>\nFecha de publicaci\u00f3n: 01\/12\/2017<br \/>\nPlazo de instancias: 02\/12\/2017 &#8211; 21\/12\/2017<br \/>\nCategor\u00eda: LOCAL<br \/>\nOrigen: BOE n\u00ba 292 de 01\/12\/2017. Bases: BOP n\u00ba 246 de 26\/10\/2017<br \/>\nDocumento Oficial Bases:<br \/>\n<a href=\"http:\/\/www.deputacionlugo.org\/portal_localweb_ag\/RecursosWeb\/DOCUMENTOS\/1\/0_17043_1.pdf#page=11\">http:\/\/www.deputacionlugo.org\/portal_localweb_ag\/RecursosWeb\/DOCUMENTOS\/1\/0_17043_1.pdf#page=11 <\/a><\/p>\n<p><strong>Oferta de 33 plazas: Oposiciones de Auxiliar de Enfermer\u00eda en Servicio Riojano de Salud<\/strong><br \/>\nOposiciones Auxiliar de Enfermer\u00eda<br \/>\nConvocante: Servicio Riojano de Salud<br \/>\nN\u00ba Plazas: 33<br \/>\nTipo: Oferta<br \/>\nFecha de publicaci\u00f3n: 04\/12\/2017<br \/>\nCategor\u00eda: AUTONOMICA<br \/>\nOrigen: BOR n\u00ba 140 de 04\/12\/2017<br \/>\nDocumento Oficial:<br \/>\n<a href=\"http:\/\/ias1.larioja.org\/boletin\/Bor_Boletin_visor_Servlet?referencia=6479097-1-PDF-513423\">http:\/\/ias1.larioja.org\/boletin\/Bor_Boletin_visor_Servlet?referencia=6479097-1-PDF-513423<\/a><br \/>\nObservaciones: 16 plazas reservadas a a promoci\u00f3n interna y 2 plazas reservadas a turno de discapacidad.<\/p>\n<p><strong>Oferta de 33 plazas: Oposiciones de Enfermer\u00eda de Servicios de Salud en Servicio Riojano de Salud<\/strong><br \/>\nEnfermer\u00eda de Servicios de Salud<br \/>\nConvocante: Servicio Riojano de Salud<br \/>\nN\u00ba Plazas: 33<br \/>\nTipo: Oferta<br \/>\nFecha de publicaci\u00f3n: 04\/12\/2017<br \/>\nCategor\u00eda: AUTONOMICA<br \/>\nOrigen: BOR n\u00ba 140 de 04\/12\/2017<br \/>\nDocumento Oficial:<br \/>\n<a href=\"http:\/\/ias1.larioja.org\/boletin\/Bor_Boletin_visor_Servlet?referencia=6479097-1-PDF-513423\">http:\/\/ias1.larioja.org\/boletin\/Bor_Boletin_visor_Servlet?referencia=6479097-1-PDF-513423<\/a><br \/>\nObservaciones: 16 plazas reservadas a turno de discapacidad.<\/p>\n<p><strong>Oferta de 2 plazas: Oposiciones de Personal de Servicios en Gobierno de La Rioja<\/strong><br \/>\nPersonal de Servicios<br \/>\nConvocante: Gobierno de La Rioja<br \/>\nN\u00ba Plazas: 2<br \/>\nTipo: Oferta<br \/>\nFecha de publicaci\u00f3n: 04\/12\/2017<br \/>\nCategor\u00eda: AUTONOMICA<br \/>\nOrigen: BOR n\u00ba 140 de 04\/12\/2017<br \/>\nDocumento Oficial:<br \/>\n<a href=\"http:\/\/ias1.larioja.org\/boletin\/Bor_Boletin_visor_Servlet?referencia=6479097-1-PDF-513423\">http:\/\/ias1.larioja.org\/boletin\/Bor_Boletin_visor_Servlet?referencia=6479097-1-PDF-513423<\/a><br \/>\nObservaciones: Cuerpo subalterno.<\/p>\n<p><strong>Oferta de 7 plazas: Oposiciones de Auxiliar Administrativo en Gobierno de La Rioja<\/strong><br \/>\nAuxiliar Administrativo<br \/>\nConvocante: Gobierno de La Rioja<br \/>\nN\u00ba Plazas: 7<br \/>\nTipo: Oferta<br \/>\nFecha de publicaci\u00f3n: 04\/12\/2017<br \/>\nCategor\u00eda: AUTONOMICA<br \/>\nOrigen: BOR n\u00ba 140 de 04\/12\/2017<br \/>\nDocumento Oficial:<br \/>\n<a href=\"http:\/\/ias1.larioja.org\/boletin\/Bor_Boletin_visor_Servlet?referencia=6479097-1-PDF-513423\">http:\/\/ias1.larioja.org\/boletin\/Bor_Boletin_visor_Servlet?referencia=6479097-1-PDF-513423<\/a><br \/>\nObservaciones: Una plaza reservada a turno de discapacidad<\/p>\n<p><strong>Oferta de 7 plazas: Oposiciones de Auxiliar Administrativo en Torrejon De Ardoz (Madrid)<\/strong><br \/>\nAuxiliar Administrativo<br \/>\nConvocante: Torrejon De Ardoz (Madrid)<br \/>\nN\u00ba Plazas: 7<br \/>\nTipo: Oferta<br \/>\nFecha de publicaci\u00f3n: 01\/12\/2017<br \/>\nCategor\u00eda: LOCAL<br \/>\nOrigen: BOCM n\u00ba 286 de 01\/12\/2017<br \/>\nDocumento Oficial:<br \/>\n<a href=\"http:\/\/www.bocm.es\/boletin\/CM_Orden_BOCM\/2017\/12\/01\/BOCM-20171201-75.PDF\">http:\/\/www.bocm.es\/boletin\/CM_Orden_BOCM\/2017\/12\/01\/BOCM-20171201-75.PDF<\/a><\/p>\n<p><strong>Oferta de 2 plazas: Oposiciones de Auxiliar Administrativo en Pelayos De La Presa (Madrid)<\/strong><br \/>\nAuxiliar Administrativo<br \/>\nConvocante: Pelayos De La Presa (Madrid)<br \/>\nN\u00ba Plazas: 2<br \/>\nTipo: Oferta<br \/>\nFecha de publicaci\u00f3n: 04\/12\/2017<br \/>\nCategor\u00eda: LOCAL<br \/>\nOrigen: BOCM n\u00ba 288 de 04\/12\/2017<br \/>\nDocumento Oficial:<br \/>\n<a href=\"http:\/\/www.bocm.es\/boletin\/CM_Orden_BOCM\/2017\/12\/04\/BOCM-20171204-69.PDF\">http:\/\/www.bocm.es\/boletin\/CM_Orden_BOCM\/2017\/12\/04\/BOCM-20171204-69.PDF<\/a><\/p>\n<p><strong>Oferta de 2 plazas: Oposiciones de Auxiliar Administrativo en Nuevo Baztan (Madrid)<\/strong><br \/>\nAuxiliar Administrativo<br \/>\nConvocante: Nuevo Baztan (Madrid)<br \/>\nN\u00ba Plazas: 2<br \/>\nTipo: Oferta<br \/>\nFecha de publicaci\u00f3n: 11\/12\/2017<br \/>\nCategor\u00eda: LOCAL<br \/>\nOrigen: BOCM n\u00ba 294 de 11\/12\/2017<br \/>\nDocumento Oficial:<br \/>\n<a href=\"http:\/\/www.bocm.es\/boletin\/CM_Orden_BOCM\/2017\/12\/11\/BOCM-20171211-75.PDF\">http:\/\/www.bocm.es\/boletin\/CM_Orden_BOCM\/2017\/12\/11\/BOCM-20171211-75.PDF<\/a><\/p>\n<p><strong>Oferta de 2 plazas: Oposiciones de Polic\u00eda Local en Santomera (Murcia)<\/strong><br \/>\nPolic\u00eda Local<br \/>\nConvocante: Santomera (Murcia)<br \/>\nN\u00ba Plazas: 2<br \/>\nTipo: Oferta<br \/>\nFecha de publicaci\u00f3n: 11\/12\/2017<br \/>\nCategor\u00eda: LOCAL<br \/>\nOrigen: BORM n\u00ba 298 de 11\/12\/2017<br \/>\nDocumento Oficial:<br \/>\n<a href=\"https:\/\/www.borm.es\/borm\/documento?obj=anu&amp;id=762986\">https:\/\/www.borm.es\/borm\/documento?obj=anu&amp;id=762986<\/a><\/p>\n<p><strong>Convocatoria de 2 plazas: Oposiciones de Polic\u00eda Local en Noain (Valle De Elorz) (Navarra)<\/strong><br \/>\nPolic\u00eda Local<br \/>\nConvocante: Noain (Valle De Elorz) (Navarra)<br \/>\nGrupo: GRUPO C1<br \/>\nN\u00ba Plazas: 2<br \/>\nPlazas ya convocadas: 2 Tipo: Convocatoria<br \/>\nFecha de publicaci\u00f3n: 11\/12\/2017<br \/>\nPlazo de instancias: 12\/12\/2017 &#8211; 10\/01\/2018<br \/>\nCategor\u00eda: LOCAL<br \/>\nOrigen: BON n\u00ba 235 de 11\/12\/2017<br \/>\nDocumento Oficial:<br \/>\n<a href=\"https:\/\/www.navarra.es\/home_es\/Actualidad\/BON\/Boletines\/2017\/235\/Anuncio-9\/\">https:\/\/www.navarra.es\/home_es\/Actualidad\/BON\/Boletines\/2017\/235\/Anuncio-9\/<\/a><br \/>\nObservaciones: Una plaza por promoci\u00f3n interna.<br \/>\n<strong><br \/>\nOferta de 1 plaza: Oposiciones de Polic\u00eda Local Comunidad Valenciana en Alf\u00e0s Del Pi, L&#8217; (Alicante)<\/strong><br \/>\nPolic\u00eda Local Comunidad Valenciana<br \/>\nConvocante: Alf\u00e0s Del Pi, L&#8217; (Alicante)<br \/>\nN\u00ba Plazas: 1<br \/>\nTipo: Oferta<br \/>\nFecha de publicaci\u00f3n: 11\/12\/2017<br \/>\nCategor\u00eda: LOCAL<br \/>\nOrigen: BOP n\u00ba 233 de 11\/12\/2017<br \/>\nDocumento Oficial:<br \/>\n<a href=\"http:\/\/www.dip-alicante.es\/bop2\/pdftotal\/2017\/12\/07_233\/2017_012956.pdf\">http:\/\/www.dip-alicante.es\/bop2\/pdftotal\/2017\/12\/07_233\/2017_012956.pdf<\/a><\/p>\n","protected":false},"excerpt":{"rendered":"<p>Os dejamos las convocatorias a oposiciones que pueden resultar interesantes y algunas bolsas de empleo. \u00e1gorAstur Formaci\u00f3n, tu centro de formaci\u00f3n de confianza.<\/p>\n","protected":false},"author":1,"featured_media":1721,"comment_status":"closed","ping_status":"closed","sticky":false,"template":"","format":"standard","meta":{"_jetpack_newsletter_access":"","_jetpack_dont_email_post_to_subs":false,"_jetpack_newsletter_tier_id":0,"_jetpack_memberships_contains_paywalled_content":false,"_jetpack_memberships_contains_paid_content":false,"footnotes":""},"categories":[19,64],"tags":[100,65],"ppma_author":[259],"class_list":{"0":"post-1718","1":"post","2":"type-post","3":"status-publish","4":"format-standard","5":"has-post-thumbnail","7":"category-educacion","8":"category-oposiciones","9":"tag-bolsas-de-empleo","10":"tag-oposiciones"},"yoast_head":"<!-- This site is optimized with the Yoast SEO plugin v27.4 - https:\/\/yoast.com\/product\/yoast-seo-wordpress\/ -->\r\n<title>Oposiciones y bolsas de empleo - blog \u00e1gorAstur Formaci\u00f3n<\/title>\r\n<meta name=\"description\" content=\"Convocatoria de oposiciones y bolsas de empleo interesantes. F\u00f3rmate y prepara las pruebas que necesites en \u00e1gorAstur formaci\u00f3n, tu academia de oposiciones.\" \/>\r\n<meta name=\"robots\" content=\"index, follow, max-snippet:-1, max-image-preview:large, max-video-preview:-1\" \/>\r\n<link rel=\"canonical\" href=\"https:\/\/agorastur.es\/blog\/oposiciones-agorastur-bolsas-empleo\/\" \/>\r\n<meta property=\"og:locale\" content=\"es_ES\" \/>\r\n<meta property=\"og:type\" content=\"article\" \/>\r\n<meta property=\"og:title\" content=\"Oposiciones y bolsas de empleo - blog \u00e1gorAstur Formaci\u00f3n\" \/>\r\n<meta property=\"og:description\" content=\"Convocatoria de oposiciones y bolsas de empleo interesantes. F\u00f3rmate y prepara las pruebas que necesites en \u00e1gorAstur formaci\u00f3n, tu academia de oposiciones.\" \/>\r\n<meta property=\"og:url\" content=\"https:\/\/agorastur.es\/blog\/oposiciones-agorastur-bolsas-empleo\/\" \/>\r\n<meta property=\"og:site_name\" content=\"blog \u00e1gorAstur Formaci\u00f3n\" \/>\r\n<meta property=\"article:publisher\" content=\"https:\/\/www.facebook.com\/agorasturformacion\" \/>\r\n<meta property=\"article:published_time\" content=\"2017-12-11T16:35:57+00:00\" \/>\r\n<meta property=\"article:modified_time\" content=\"2021-05-04T20:44:41+00:00\" \/>\r\n<meta property=\"og:image\" content=\"https:\/\/agorastur.es\/blog\/wp-content\/uploads\/2017\/12\/question-2736480_1920.png\" \/>\r\n\t<meta property=\"og:image:width\" content=\"800\" \/>\r\n\t<meta property=\"og:image:height\" content=\"550\" \/>\r\n\t<meta property=\"og:image:type\" content=\"image\/png\" \/>\r\n<meta name=\"author\" content=\"\u00e1gorAstur Formaci\u00f3n\" \/>\r\n<meta name=\"twitter:card\" content=\"summary_large_image\" \/>\r\n<meta name=\"twitter:creator\" content=\"@Agorastur\" \/>\r\n<meta name=\"twitter:site\" content=\"@Agorastur\" \/>\r\n<meta name=\"twitter:label1\" content=\"Escrito por\" \/>\n\t<meta name=\"twitter:data1\" content=\"\u00e1gorAstur Formaci\u00f3n\" \/>\n\t<meta name=\"twitter:label2\" content=\"Tiempo de lectura\" \/>\n\t<meta name=\"twitter:data2\" content=\"8 minutos\" \/>\r\n<script type=\"application\/ld+json\" class=\"yoast-schema-graph\">{\"@context\":\"https:\\\/\\\/schema.org\",\"@graph\":[{\"@type\":\"Article\",\"@id\":\"https:\\\/\\\/agorastur.es\\\/blog\\\/oposiciones-agorastur-bolsas-empleo\\\/#article\",\"isPartOf\":{\"@id\":\"https:\\\/\\\/agorastur.es\\\/blog\\\/oposiciones-agorastur-bolsas-empleo\\\/\"},\"author\":{\"name\":\"\u00e1gorAstur Formaci\u00f3n\",\"@id\":\"https:\\\/\\\/agorastur.es\\\/blog\\\/#\\\/schema\\\/person\\\/e22add2390185670fd9a54413f42e33e\"},\"headline\":\"\u00a1Oposiciones! Prep\u00e1rate en \u00e1gorAstur\",\"datePublished\":\"2017-12-11T16:35:57+00:00\",\"dateModified\":\"2021-05-04T20:44:41+00:00\",\"mainEntityOfPage\":{\"@id\":\"https:\\\/\\\/agorastur.es\\\/blog\\\/oposiciones-agorastur-bolsas-empleo\\\/\"},\"wordCount\":1950,\"publisher\":{\"@id\":\"https:\\\/\\\/agorastur.es\\\/blog\\\/#organization\"},\"image\":{\"@id\":\"https:\\\/\\\/agorastur.es\\\/blog\\\/oposiciones-agorastur-bolsas-empleo\\\/#primaryimage\"},\"thumbnailUrl\":\"https:\\\/\\\/agorastur.es\\\/blog\\\/wp-content\\\/uploads\\\/2017\\\/12\\\/question-2736480_1920.png\",\"keywords\":[\"bolsas de empleo\",\"oposiciones\"],\"articleSection\":[\"Educaci\u00f3n\",\"Oposiciones\"],\"inLanguage\":\"es\"},{\"@type\":\"WebPage\",\"@id\":\"https:\\\/\\\/agorastur.es\\\/blog\\\/oposiciones-agorastur-bolsas-empleo\\\/\",\"url\":\"https:\\\/\\\/agorastur.es\\\/blog\\\/oposiciones-agorastur-bolsas-empleo\\\/\",\"name\":\"Oposiciones y bolsas de empleo - blog \u00e1gorAstur Formaci\u00f3n\",\"isPartOf\":{\"@id\":\"https:\\\/\\\/agorastur.es\\\/blog\\\/#website\"},\"primaryImageOfPage\":{\"@id\":\"https:\\\/\\\/agorastur.es\\\/blog\\\/oposiciones-agorastur-bolsas-empleo\\\/#primaryimage\"},\"image\":{\"@id\":\"https:\\\/\\\/agorastur.es\\\/blog\\\/oposiciones-agorastur-bolsas-empleo\\\/#primaryimage\"},\"thumbnailUrl\":\"https:\\\/\\\/agorastur.es\\\/blog\\\/wp-content\\\/uploads\\\/2017\\\/12\\\/question-2736480_1920.png\",\"datePublished\":\"2017-12-11T16:35:57+00:00\",\"dateModified\":\"2021-05-04T20:44:41+00:00\",\"description\":\"Convocatoria de oposiciones y bolsas de empleo interesantes. F\u00f3rmate y prepara las pruebas que necesites en \u00e1gorAstur formaci\u00f3n, tu academia de oposiciones.\",\"breadcrumb\":{\"@id\":\"https:\\\/\\\/agorastur.es\\\/blog\\\/oposiciones-agorastur-bolsas-empleo\\\/#breadcrumb\"},\"inLanguage\":\"es\",\"potentialAction\":[{\"@type\":\"ReadAction\",\"target\":[\"https:\\\/\\\/agorastur.es\\\/blog\\\/oposiciones-agorastur-bolsas-empleo\\\/\"]}]},{\"@type\":\"ImageObject\",\"inLanguage\":\"es\",\"@id\":\"https:\\\/\\\/agorastur.es\\\/blog\\\/oposiciones-agorastur-bolsas-empleo\\\/#primaryimage\",\"url\":\"https:\\\/\\\/agorastur.es\\\/blog\\\/wp-content\\\/uploads\\\/2017\\\/12\\\/question-2736480_1920.png\",\"contentUrl\":\"https:\\\/\\\/agorastur.es\\\/blog\\\/wp-content\\\/uploads\\\/2017\\\/12\\\/question-2736480_1920.png\",\"width\":800,\"height\":550,\"caption\":\"Oposiciones\"},{\"@type\":\"BreadcrumbList\",\"@id\":\"https:\\\/\\\/agorastur.es\\\/blog\\\/oposiciones-agorastur-bolsas-empleo\\\/#breadcrumb\",\"itemListElement\":[{\"@type\":\"ListItem\",\"position\":1,\"name\":\"\u00e1gorAstur\",\"item\":\"https:\\\/\\\/agorastur.es\\\/blog\\\/\"},{\"@type\":\"ListItem\",\"position\":2,\"name\":\"Oposiciones\",\"item\":\"https:\\\/\\\/agorastur.es\\\/blog\\\/novedades\\\/oposiciones\\\/\"},{\"@type\":\"ListItem\",\"position\":3,\"name\":\"\u00a1Oposiciones! Prep\u00e1rate en \u00e1gorAstur\"}]},{\"@type\":\"WebSite\",\"@id\":\"https:\\\/\\\/agorastur.es\\\/blog\\\/#website\",\"url\":\"https:\\\/\\\/agorastur.es\\\/blog\\\/\",\"name\":\"blog \u00e1gorAstur Formaci\u00f3n\",\"description\":\"Formaci\u00f3n en Asturias y Le\u00f3n\",\"publisher\":{\"@id\":\"https:\\\/\\\/agorastur.es\\\/blog\\\/#organization\"},\"potentialAction\":[{\"@type\":\"SearchAction\",\"target\":{\"@type\":\"EntryPoint\",\"urlTemplate\":\"https:\\\/\\\/agorastur.es\\\/blog\\\/?s={search_term_string}\"},\"query-input\":{\"@type\":\"PropertyValueSpecification\",\"valueRequired\":true,\"valueName\":\"search_term_string\"}}],\"inLanguage\":\"es\"},{\"@type\":\"Organization\",\"@id\":\"https:\\\/\\\/agorastur.es\\\/blog\\\/#organization\",\"name\":\"Grupo Agorastur, S.L.\",\"url\":\"https:\\\/\\\/agorastur.es\\\/blog\\\/\",\"logo\":{\"@type\":\"ImageObject\",\"inLanguage\":\"es\",\"@id\":\"https:\\\/\\\/agorastur.es\\\/blog\\\/#\\\/schema\\\/logo\\\/image\\\/\",\"url\":\"https:\\\/\\\/agorastur.es\\\/blog\\\/wp-content\\\/uploads\\\/2025\\\/03\\\/cropped-rrss.png\",\"contentUrl\":\"https:\\\/\\\/agorastur.es\\\/blog\\\/wp-content\\\/uploads\\\/2025\\\/03\\\/cropped-rrss.png\",\"width\":512,\"height\":512,\"caption\":\"Grupo Agorastur, S.L.\"},\"image\":{\"@id\":\"https:\\\/\\\/agorastur.es\\\/blog\\\/#\\\/schema\\\/logo\\\/image\\\/\"},\"sameAs\":[\"https:\\\/\\\/www.facebook.com\\\/agorasturformacion\",\"https:\\\/\\\/x.com\\\/Agorastur\"]},{\"@type\":\"Person\",\"@id\":\"https:\\\/\\\/agorastur.es\\\/blog\\\/#\\\/schema\\\/person\\\/e22add2390185670fd9a54413f42e33e\",\"name\":\"\u00e1gorAstur Formaci\u00f3n\",\"image\":{\"@type\":\"ImageObject\",\"inLanguage\":\"es\",\"@id\":\"https:\\\/\\\/agorastur.es\\\/blog\\\/wp-content\\\/uploads\\\/2025\\\/03\\\/cropped-favicon-1-96x96.png07751c8812e77018f06c4e5a1412ef3a\",\"url\":\"https:\\\/\\\/agorastur.es\\\/blog\\\/wp-content\\\/uploads\\\/2025\\\/03\\\/cropped-favicon-1-96x96.png\",\"contentUrl\":\"https:\\\/\\\/agorastur.es\\\/blog\\\/wp-content\\\/uploads\\\/2025\\\/03\\\/cropped-favicon-1-96x96.png\",\"caption\":\"\u00e1gorAstur Formaci\u00f3n\"},\"sameAs\":[\"http:\\\/\\\/agorastur.es\"],\"url\":\"https:\\\/\\\/agorastur.es\\\/blog\\\/author\\\/agorastur\\\/\"}]}<\/script>\r\n<!-- \/ Yoast SEO plugin. -->","yoast_head_json":{"title":"Oposiciones y bolsas de empleo - blog \u00e1gorAstur Formaci\u00f3n","description":"Convocatoria de oposiciones y bolsas de empleo interesantes. F\u00f3rmate y prepara las pruebas que necesites en \u00e1gorAstur formaci\u00f3n, tu academia de oposiciones.","robots":{"index":"index","follow":"follow","max-snippet":"max-snippet:-1","max-image-preview":"max-image-preview:large","max-video-preview":"max-video-preview:-1"},"canonical":"https:\/\/agorastur.es\/blog\/oposiciones-agorastur-bolsas-empleo\/","og_locale":"es_ES","og_type":"article","og_title":"Oposiciones y bolsas de empleo - blog \u00e1gorAstur Formaci\u00f3n","og_description":"Convocatoria de oposiciones y bolsas de empleo interesantes. F\u00f3rmate y prepara las pruebas que necesites en \u00e1gorAstur formaci\u00f3n, tu academia de oposiciones.","og_url":"https:\/\/agorastur.es\/blog\/oposiciones-agorastur-bolsas-empleo\/","og_site_name":"blog \u00e1gorAstur Formaci\u00f3n","article_publisher":"https:\/\/www.facebook.com\/agorasturformacion","article_published_time":"2017-12-11T16:35:57+00:00","article_modified_time":"2021-05-04T20:44:41+00:00","og_image":[{"width":800,"height":550,"url":"https:\/\/agorastur.es\/blog\/wp-content\/uploads\/2017\/12\/question-2736480_1920.png","type":"image\/png"}],"author":"\u00e1gorAstur Formaci\u00f3n","twitter_card":"summary_large_image","twitter_creator":"@Agorastur","twitter_site":"@Agorastur","twitter_misc":{"Escrito por":"\u00e1gorAstur Formaci\u00f3n","Tiempo de lectura":"8 minutos"},"schema":{"@context":"https:\/\/schema.org","@graph":[{"@type":"Article","@id":"https:\/\/agorastur.es\/blog\/oposiciones-agorastur-bolsas-empleo\/#article","isPartOf":{"@id":"https:\/\/agorastur.es\/blog\/oposiciones-agorastur-bolsas-empleo\/"},"author":{"name":"\u00e1gorAstur Formaci\u00f3n","@id":"https:\/\/agorastur.es\/blog\/#\/schema\/person\/e22add2390185670fd9a54413f42e33e"},"headline":"\u00a1Oposiciones! Prep\u00e1rate en \u00e1gorAstur","datePublished":"2017-12-11T16:35:57+00:00","dateModified":"2021-05-04T20:44:41+00:00","mainEntityOfPage":{"@id":"https:\/\/agorastur.es\/blog\/oposiciones-agorastur-bolsas-empleo\/"},"wordCount":1950,"publisher":{"@id":"https:\/\/agorastur.es\/blog\/#organization"},"image":{"@id":"https:\/\/agorastur.es\/blog\/oposiciones-agorastur-bolsas-empleo\/#primaryimage"},"thumbnailUrl":"https:\/\/agorastur.es\/blog\/wp-content\/uploads\/2017\/12\/question-2736480_1920.png","keywords":["bolsas de empleo","oposiciones"],"articleSection":["Educaci\u00f3n","Oposiciones"],"inLanguage":"es"},{"@type":"WebPage","@id":"https:\/\/agorastur.es\/blog\/oposiciones-agorastur-bolsas-empleo\/","url":"https:\/\/agorastur.es\/blog\/oposiciones-agorastur-bolsas-empleo\/","name":"Oposiciones y bolsas de empleo - blog \u00e1gorAstur Formaci\u00f3n","isPartOf":{"@id":"https:\/\/agorastur.es\/blog\/#website"},"primaryImageOfPage":{"@id":"https:\/\/agorastur.es\/blog\/oposiciones-agorastur-bolsas-empleo\/#primaryimage"},"image":{"@id":"https:\/\/agorastur.es\/blog\/oposiciones-agorastur-bolsas-empleo\/#primaryimage"},"thumbnailUrl":"https:\/\/agorastur.es\/blog\/wp-content\/uploads\/2017\/12\/question-2736480_1920.png","datePublished":"2017-12-11T16:35:57+00:00","dateModified":"2021-05-04T20:44:41+00:00","description":"Convocatoria de oposiciones y bolsas de empleo interesantes. F\u00f3rmate y prepara las pruebas que necesites en \u00e1gorAstur formaci\u00f3n, tu academia de oposiciones.","breadcrumb":{"@id":"https:\/\/agorastur.es\/blog\/oposiciones-agorastur-bolsas-empleo\/#breadcrumb"},"inLanguage":"es","potentialAction":[{"@type":"ReadAction","target":["https:\/\/agorastur.es\/blog\/oposiciones-agorastur-bolsas-empleo\/"]}]},{"@type":"ImageObject","inLanguage":"es","@id":"https:\/\/agorastur.es\/blog\/oposiciones-agorastur-bolsas-empleo\/#primaryimage","url":"https:\/\/agorastur.es\/blog\/wp-content\/uploads\/2017\/12\/question-2736480_1920.png","contentUrl":"https:\/\/agorastur.es\/blog\/wp-content\/uploads\/2017\/12\/question-2736480_1920.png","width":800,"height":550,"caption":"Oposiciones"},{"@type":"BreadcrumbList","@id":"https:\/\/agorastur.es\/blog\/oposiciones-agorastur-bolsas-empleo\/#breadcrumb","itemListElement":[{"@type":"ListItem","position":1,"name":"\u00e1gorAstur","item":"https:\/\/agorastur.es\/blog\/"},{"@type":"ListItem","position":2,"name":"Oposiciones","item":"https:\/\/agorastur.es\/blog\/novedades\/oposiciones\/"},{"@type":"ListItem","position":3,"name":"\u00a1Oposiciones! Prep\u00e1rate en \u00e1gorAstur"}]},{"@type":"WebSite","@id":"https:\/\/agorastur.es\/blog\/#website","url":"https:\/\/agorastur.es\/blog\/","name":"blog \u00e1gorAstur Formaci\u00f3n","description":"Formaci\u00f3n en Asturias y Le\u00f3n","publisher":{"@id":"https:\/\/agorastur.es\/blog\/#organization"},"potentialAction":[{"@type":"SearchAction","target":{"@type":"EntryPoint","urlTemplate":"https:\/\/agorastur.es\/blog\/?s={search_term_string}"},"query-input":{"@type":"PropertyValueSpecification","valueRequired":true,"valueName":"search_term_string"}}],"inLanguage":"es"},{"@type":"Organization","@id":"https:\/\/agorastur.es\/blog\/#organization","name":"Grupo Agorastur, S.L.","url":"https:\/\/agorastur.es\/blog\/","logo":{"@type":"ImageObject","inLanguage":"es","@id":"https:\/\/agorastur.es\/blog\/#\/schema\/logo\/image\/","url":"https:\/\/agorastur.es\/blog\/wp-content\/uploads\/2025\/03\/cropped-rrss.png","contentUrl":"https:\/\/agorastur.es\/blog\/wp-content\/uploads\/2025\/03\/cropped-rrss.png","width":512,"height":512,"caption":"Grupo Agorastur, S.L."},"image":{"@id":"https:\/\/agorastur.es\/blog\/#\/schema\/logo\/image\/"},"sameAs":["https:\/\/www.facebook.com\/agorasturformacion","https:\/\/x.com\/Agorastur"]},{"@type":"Person","@id":"https:\/\/agorastur.es\/blog\/#\/schema\/person\/e22add2390185670fd9a54413f42e33e","name":"\u00e1gorAstur Formaci\u00f3n","image":{"@type":"ImageObject","inLanguage":"es","@id":"https:\/\/agorastur.es\/blog\/wp-content\/uploads\/2025\/03\/cropped-favicon-1-96x96.png07751c8812e77018f06c4e5a1412ef3a","url":"https:\/\/agorastur.es\/blog\/wp-content\/uploads\/2025\/03\/cropped-favicon-1-96x96.png","contentUrl":"https:\/\/agorastur.es\/blog\/wp-content\/uploads\/2025\/03\/cropped-favicon-1-96x96.png","caption":"\u00e1gorAstur Formaci\u00f3n"},"sameAs":["http:\/\/agorastur.es"],"url":"https:\/\/agorastur.es\/blog\/author\/agorastur\/"}]}},"jetpack_featured_media_url":"https:\/\/agorastur.es\/blog\/wp-content\/uploads\/2017\/12\/question-2736480_1920.png","jetpack_sharing_enabled":true,"jetpack_shortlink":"https:\/\/wp.me\/p8kSRz-rI","jetpack-related-posts":[{"id":1790,"url":"https:\/\/agorastur.es\/blog\/oposiciones-y-bolsas-de-empleo-abiertas\/","url_meta":{"origin":1718,"position":0},"title":"Oposiciones y bolsas de empleo abiertas","author":"\u00e1gorAstur Formaci\u00f3n","date":"18\/01\/2018","format":false,"excerpt":"Desde \u00e1gorAstur formaci\u00f3n, hoy queremos compartir con vosotros las convocatorias de oposici\u00f3n y bolsas de empleo m\u00e1s interesantes, para que pod\u00e1is presentar las instancias que quer\u00e1is y m\u00e1s os convengan. Recordad que preparamos las siguientes oposiciones, pod\u00e9is solicitar informaci\u00f3n sin compromiso de nuestra preparaci\u00f3n de oposiciones. Celador en las Instituciones\u2026","rel":"","context":"En \u00abEmpleo\u00bb","block_context":{"text":"Empleo","link":"https:\/\/agorastur.es\/blog\/novedades\/empleo\/"},"img":{"alt_text":"Oposiciones y bolsas de empleo abiertas","src":"https:\/\/agorastur.es\/blog\/wp-content\/uploads\/2018\/01\/seminarios-enero-agorastur-formacion.jpg","width":350,"height":200,"srcset":"https:\/\/agorastur.es\/blog\/wp-content\/uploads\/2018\/01\/seminarios-enero-agorastur-formacion.jpg 1x, https:\/\/agorastur.es\/blog\/wp-content\/uploads\/2018\/01\/seminarios-enero-agorastur-formacion.jpg 1.5x, https:\/\/agorastur.es\/blog\/wp-content\/uploads\/2018\/01\/seminarios-enero-agorastur-formacion.jpg 2x, https:\/\/agorastur.es\/blog\/wp-content\/uploads\/2018\/01\/seminarios-enero-agorastur-formacion.jpg 3x"},"classes":[]},{"id":1826,"url":"https:\/\/agorastur.es\/blog\/convocatorias-nuevas-oposiciones-2018\/","url_meta":{"origin":1718,"position":1},"title":"Convocatorias de nuevas Oposiciones en 2018","author":"\u00e1gorAstur Formaci\u00f3n","date":"29\/01\/2018","format":false,"excerpt":"Convocatorias del Estado y Comunidades Aut\u00f3nomas que os pueden interesar, plazos, fechas de instancias y toda la informaci\u00f3n que es relevante, para que pod\u00e1is cursar la inscripci\u00f3n en las fechas adecuadas y no perd\u00e1is la oportunidad de sacar vuestra oposici\u00f3n. Convocatoria de 400 plazas: Oposiciones de Auxiliar Administrativo en Administraci\u00f3n\u2026","rel":"","context":"En \u00abOposiciones\u00bb","block_context":{"text":"Oposiciones","link":"https:\/\/agorastur.es\/blog\/novedades\/oposiciones\/"},"img":{"alt_text":"","src":"https:\/\/agorastur.es\/blog\/wp-content\/uploads\/2018\/01\/Administrativo.jpg","width":350,"height":200,"srcset":"https:\/\/agorastur.es\/blog\/wp-content\/uploads\/2018\/01\/Administrativo.jpg 1x, https:\/\/agorastur.es\/blog\/wp-content\/uploads\/2018\/01\/Administrativo.jpg 1.5x, https:\/\/agorastur.es\/blog\/wp-content\/uploads\/2018\/01\/Administrativo.jpg 2x"},"classes":[]},{"id":1450,"url":"https:\/\/agorastur.es\/blog\/convocatoria-oposiciones-auxiliar-administrativo\/","url_meta":{"origin":1718,"position":2},"title":"Convocatoria de Oposiciones a Auxiliar Administrativo","author":"\u00e1gorAstur Formaci\u00f3n","date":"12\/05\/2017","format":false,"excerpt":"Hoy se ha publicado la convocatoria para Oposiciones a Auxiliar Administrativo para el Ayuntamiento de Pola de Siero. El previsible incremento de las plazas a convocar est\u00e1 disparando el inter\u00e9s de los opositores, en \u00e1gorAstur formaci\u00f3n os ofrecemos la posibilidad de prepararlas de forma seria y concienzuda. El poder optar\u2026","rel":"","context":"En \u00abEmpleo\u00bb","block_context":{"text":"Empleo","link":"https:\/\/agorastur.es\/blog\/novedades\/empleo\/"},"img":{"alt_text":"Convocatoria Oposiciones Auxiliar Administrativo","src":"https:\/\/agorastur.es\/blog\/wp-content\/uploads\/2017\/05\/Oposiciones-Auxiliar-Administrativo.jpg","width":350,"height":200,"srcset":"https:\/\/agorastur.es\/blog\/wp-content\/uploads\/2017\/05\/Oposiciones-Auxiliar-Administrativo.jpg 1x, https:\/\/agorastur.es\/blog\/wp-content\/uploads\/2017\/05\/Oposiciones-Auxiliar-Administrativo.jpg 1.5x, https:\/\/agorastur.es\/blog\/wp-content\/uploads\/2017\/05\/Oposiciones-Auxiliar-Administrativo.jpg 2x"},"classes":[]},{"id":14101,"url":"https:\/\/agorastur.es\/blog\/convocatoria-687-plazas-sespa-2025\/","url_meta":{"origin":1718,"position":3},"title":"Informaci\u00f3n y plazos de las 687 plazas convocadas por el SESPA","author":"\u00e1gorAstur Formaci\u00f3n","date":"14\/05\/2025","format":false,"excerpt":"El Servicio de Salud del Principado de Asturias (SESPA) ha lanzado nuevas convocatorias para diferentes categor\u00edas profesionales. Estas oportunidades representan una excelente posibilidad para quienes deseen acceder a un empleo estable en el sector p\u00fablico sanitario asturiano. Aqu\u00ed tienes un resumen de las convocatorias m\u00e1s recientes: Total de plazas convocadas:\u2026","rel":"","context":"En \u00abOposiciones\u00bb","block_context":{"text":"Oposiciones","link":"https:\/\/agorastur.es\/blog\/novedades\/oposiciones\/"},"img":{"alt_text":"","src":"https:\/\/agorastur.es\/blog\/wp-content\/uploads\/2025\/05\/687-plazas-convocatoria-SESPA-2025.jpg","width":350,"height":200,"srcset":"https:\/\/agorastur.es\/blog\/wp-content\/uploads\/2025\/05\/687-plazas-convocatoria-SESPA-2025.jpg 1x, https:\/\/agorastur.es\/blog\/wp-content\/uploads\/2025\/05\/687-plazas-convocatoria-SESPA-2025.jpg 1.5x, https:\/\/agorastur.es\/blog\/wp-content\/uploads\/2025\/05\/687-plazas-convocatoria-SESPA-2025.jpg 2x, https:\/\/agorastur.es\/blog\/wp-content\/uploads\/2025\/05\/687-plazas-convocatoria-SESPA-2025.jpg 3x, https:\/\/agorastur.es\/blog\/wp-content\/uploads\/2025\/05\/687-plazas-convocatoria-SESPA-2025.jpg 4x"},"classes":[]},{"id":1541,"url":"https:\/\/agorastur.es\/blog\/oferta-de-empleo-publico-2017\/","url_meta":{"origin":1718,"position":4},"title":"Oferta de Empleo P\u00fablico 2017","author":"\u00e1gorAstur Formaci\u00f3n","date":"12\/07\/2017","format":false,"excerpt":"La oferta de empleo p\u00fablico 2017 ya ha salido con 28.249 plazas y los siguientes campos prioritarios y destacados: Administraci\u00f3n de Justicia. Fuerzas y cuerpos de Seguridad del Estado. Control de la asignaci\u00f3n eficiente de los recursos p\u00fablicos. Asesoramiento jur\u00eddico y gesti\u00f3n de los recursos. Administraci\u00f3n penitenciaria. Asistencia directa a\u2026","rel":"","context":"En \u00abEmpleo\u00bb","block_context":{"text":"Empleo","link":"https:\/\/agorastur.es\/blog\/novedades\/empleo\/"},"img":{"alt_text":"Oferta de Empleo P\u00fablico 2017","src":"https:\/\/agorastur.es\/blog\/wp-content\/uploads\/2017\/04\/oposiciones-2017.jpg","width":350,"height":200,"srcset":"https:\/\/agorastur.es\/blog\/wp-content\/uploads\/2017\/04\/oposiciones-2017.jpg 1x, https:\/\/agorastur.es\/blog\/wp-content\/uploads\/2017\/04\/oposiciones-2017.jpg 1.5x, https:\/\/agorastur.es\/blog\/wp-content\/uploads\/2017\/04\/oposiciones-2017.jpg 2x"},"classes":[]},{"id":1403,"url":"https:\/\/agorastur.es\/blog\/convocatoria-2-194-plazas-justicia-mayo-junio-del-2017\/","url_meta":{"origin":1718,"position":5},"title":"Convocatoria de 2.194 plazas de Oposiciones de Justicia para Mayo o Junio del 2017","author":"\u00e1gorAstur Formaci\u00f3n","date":"18\/04\/2017","format":false,"excerpt":"Novedades confirmadas por el Ministerio de Justicia para publicar la Convocatoria de la OEP 2016. Plazas para los cuerpos de Gesti\u00f3n Procesal, Tramitaci\u00f3n Procesal\u00a0y Auxilio Judicial. Aunque todav\u00eda no se sabe la fecha exacta, desde el Ministerio de Justicia ha confirmado que la Convocatoria de la OEP 2016 saldr\u00e1 en\u2026","rel":"","context":"En \u00abOposiciones\u00bb","block_context":{"text":"Oposiciones","link":"https:\/\/agorastur.es\/blog\/novedades\/oposiciones\/"},"img":{"alt_text":"oposiciones-justicia","src":"https:\/\/agorastur.es\/blog\/wp-content\/uploads\/2017\/04\/oposiciones-justicia.jpg","width":350,"height":200,"srcset":"https:\/\/agorastur.es\/blog\/wp-content\/uploads\/2017\/04\/oposiciones-justicia.jpg 1x, https:\/\/agorastur.es\/blog\/wp-content\/uploads\/2017\/04\/oposiciones-justicia.jpg 1.5x, https:\/\/agorastur.es\/blog\/wp-content\/uploads\/2017\/04\/oposiciones-justicia.jpg 2x"},"classes":[]}],"authors":[{"term_id":259,"user_id":1,"is_guest":0,"slug":"agorastur","display_name":"\u00e1gorAstur Formaci\u00f3n","avatar_url":"https:\/\/agorastur.es\/blog\/wp-content\/uploads\/2025\/03\/cropped-favicon-1-96x96.png","1":"","2":"","3":"","4":"","5":"","6":"","7":"","8":""}],"_links":{"self":[{"href":"https:\/\/agorastur.es\/blog\/wp-json\/wp\/v2\/posts\/1718","targetHints":{"allow":["GET"]}}],"collection":[{"href":"https:\/\/agorastur.es\/blog\/wp-json\/wp\/v2\/posts"}],"about":[{"href":"https:\/\/agorastur.es\/blog\/wp-json\/wp\/v2\/types\/post"}],"author":[{"embeddable":true,"href":"https:\/\/agorastur.es\/blog\/wp-json\/wp\/v2\/users\/1"}],"replies":[{"embeddable":true,"href":"https:\/\/agorastur.es\/blog\/wp-json\/wp\/v2\/comments?post=1718"}],"version-history":[{"count":6,"href":"https:\/\/agorastur.es\/blog\/wp-json\/wp\/v2\/posts\/1718\/revisions"}],"predecessor-version":[{"id":3749,"href":"https:\/\/agorastur.es\/blog\/wp-json\/wp\/v2\/posts\/1718\/revisions\/3749"}],"wp:featuredmedia":[{"embeddable":true,"href":"https:\/\/agorastur.es\/blog\/wp-json\/wp\/v2\/media\/1721"}],"wp:attachment":[{"href":"https:\/\/agorastur.es\/blog\/wp-json\/wp\/v2\/media?parent=1718"}],"wp:term":[{"taxonomy":"category","embeddable":true,"href":"https:\/\/agorastur.es\/blog\/wp-json\/wp\/v2\/categories?post=1718"},{"taxonomy":"post_tag","embeddable":true,"href":"https:\/\/agorastur.es\/blog\/wp-json\/wp\/v2\/tags?post=1718"},{"taxonomy":"author","embeddable":true,"href":"https:\/\/agorastur.es\/blog\/wp-json\/wp\/v2\/ppma_author?post=1718"}],"curies":[{"name":"wp","href":"https:\/\/api.w.org\/{rel}","templated":true}]}}