{"id":1464,"date":"2017-05-19T08:21:01","date_gmt":"2017-05-19T07:21:01","guid":{"rendered":"https:\/\/agorastur.es\/blog\/?p=1464"},"modified":"2017-05-19T08:21:01","modified_gmt":"2017-05-19T07:21:01","slug":"nuevos-consultores-sap-formados-agorastur","status":"publish","type":"post","link":"https:\/\/agorastur.es\/blog\/nuevos-consultores-sap-formados-agorastur\/","title":{"rendered":"Nuevos consultores SAP formados en \u00e1gorAstur"},"content":{"rendered":"<p>Hoy queremos compartir <strong>2 nuevos casos de \u00e9xito en \u00e1gorAstur Formaci\u00f3n<\/strong>, los casos de Ana y Jos\u00e9 Miguel, ambos formados en nuestros centros como Consultores SAP y que a d\u00eda de hoy ya trabajan y desarrollan su carrera en esta rama profesional tan demandada. Gracias por vuestras palabras, vuestro \u00e9xito es nuestra motivaci\u00f3n!<\/p>\n<p><!--more--><\/p>\n<p><strong>Jos\u00e9 Miguel Ranca\u00f1o N\u00fa\u00f1ez:<\/strong><\/p>\n<p>Soy Licenciado en Administraci\u00f3n y Direcci\u00f3n de Empresas especializado en Direcci\u00f3n Comercial y Marketing, en mi caso tras quedarme sin empleo <strong>decid\u00ed seguir form\u00e1ndome<\/strong> ya que s\u00f3lo con mi titulaci\u00f3n era complicado encontrar trabajo.<\/p>\n<p>A trav\u00e9s de Internet y por anuncios en prensa conoc\u00ed <strong>\u00e1gorAstur Formaci\u00f3n<\/strong> y decid\u00ed acercarme a la sede de Oviedo para informarme. Desde el primer momento me atendieron de forma muy correcta, sobremanera Adri\u00e1n, que me inform\u00f3 de los cursos que m\u00e1s me pod\u00edan interesar.<\/p>\n<p>Al final me decid\u00ed por el <a href=\"http:\/\/agorastur.es\/curso-consultor-sap-logistica-y-materiales-(mm-y-le)\">Master de Consultor SAP Log\u00edstica y Materiales (MM y LE)<\/a> y de <a href=\"http:\/\/agorastur.es\/curso-consultor-sap-logistica-en-procesos-de-venta-(sd-y-tm)\">Consultor SAP Log\u00edstica en Procesos de Venta (SD y TM)<\/a> siendo un poco reticente por el tema de la teleformaci\u00f3n pero tengo que reconocer que ha sido una grat\u00edsima sorpresa esta modalidad de formaci\u00f3n, clases en directo, tutor\u00edas, profesores profesionales que saben de lo que hablan \u2026<\/p>\n<p>Una vez acabados los cursos y tras conseguirme varias entrevistas para realizar las pr\u00e1cticas, <strong>empec\u00e9 a trabajar a media jornada como administrativo SAP en Corporaci\u00f3n Alimentaria Pe\u00f1asanta<\/strong>.<\/p>\n<p>En un futuro seguramente realice otro curso de consultor SAP Financiero y de Controlling. <strong>Mi experiencia con \u00e1gorAstur ha sido muy positiva<\/strong>.<\/p>\n<hr \/>\n<p><strong>Ana Guti\u00e9rrez Prieto:<\/strong><\/p>\n<p><strong>Mi experiencia en \u00e1gorAstur Formaci\u00f3n ha sido incre\u00edble<\/strong>. He recibido por parte del centro y en todo momento la informaci\u00f3n, orientaci\u00f3n y apoyo necesario en todos los aspectos y siempre que la he necesitado. <strong>Gracias a ellos hoy estoy trabajando en Asturias.<\/strong><\/p>\n<p>Todo empez\u00f3 cuando una vez finalizado mi M\u00e1ster me encontr\u00e9 en el mercado laboral sin experiencia y con tan solo los conocimientos que la carrera me hab\u00eda proporcionado.<\/p>\n<p>Ellos me dieron la posibilidad de realizar un curso en una de las especialidades m\u00e1s en auge del momento: <a href=\"http:\/\/agorastur.es\/cursos-sap-consultoria-parametrizacion\">Consultor SAP<\/a>. Fueron los \u00fanicos que me ofrecieron una formaci\u00f3n seria y con futuro.<\/p>\n<p><strong>Me ayudaron en todo momento, durante el curso y despu\u00e9s de \u00e9l<\/strong>, sobre todo Adrian. Gracias a \u00e9l, que hasta consigui\u00f3 mi tel\u00e9fono m\u00f3vil \u00ablondinense\u00bb para poder hablar conmigo y ayudarme, <strong>consegu\u00ed el puesto de trabajo donde ahora mismo estoy desarrollando mi carrera profesional en una gran multinacional en Asturias<\/strong>.<\/p>\n","protected":false},"excerpt":{"rendered":"<p>Hoy queremos compartir 2 nuevos casos de \u00e9xito en \u00e1gorAstur Formaci\u00f3n, los casos de Ana y Jos\u00e9 Miguel, ambos formados en nuestros centros como Consultores SAP y que a d\u00eda de hoy ya trabajan y desarrollan su carrera en esta rama profesional tan demandada. Gracias por vuestras palabras, vuestro \u00e9xito es nuestra motivaci\u00f3n!<\/p>\n","protected":false},"author":1,"featured_media":1465,"comment_status":"closed","ping_status":"closed","sticky":false,"template":"","format":"standard","meta":{"_jetpack_newsletter_access":"","_jetpack_dont_email_post_to_subs":false,"_jetpack_newsletter_tier_id":0,"_jetpack_memberships_contains_paywalled_content":false,"_jetpack_memberships_contains_paid_content":false,"footnotes":""},"categories":[72,23],"tags":[75,68,25,76,39],"ppma_author":[259],"class_list":{"0":"post-1464","1":"post","2":"type-post","3":"status-publish","4":"format-standard","5":"has-post-thumbnail","7":"category-casos-de-exito","8":"category-empleo","9":"tag-asturias","10":"tag-empleo","11":"tag-jovenes","12":"tag-sap","13":"tag-trabajo"},"yoast_head":"<!-- This site is optimized with the Yoast SEO plugin v27.5 - https:\/\/yoast.com\/product\/yoast-seo-wordpress\/ -->\r\n<title>Nuevos consultores SAP formados en \u00e1gorAstur - blog \u00e1gorAstur Formaci\u00f3n<\/title>\r\n<meta name=\"description\" content=\"Hoy queremos compartir 2 casos de \u00e9xito en \u00e1gorAstur Formaci\u00f3n, los casos de Ana y Jos\u00e9 Miguel, ambos formados en nuestros centros como Consultores SAP y ...\" \/>\r\n<meta name=\"robots\" content=\"index, follow, max-snippet:-1, max-image-preview:large, max-video-preview:-1\" \/>\r\n<link rel=\"canonical\" href=\"https:\/\/agorastur.es\/blog\/nuevos-consultores-sap-formados-agorastur\/\" \/>\r\n<meta property=\"og:locale\" content=\"es_ES\" \/>\r\n<meta property=\"og:type\" content=\"article\" \/>\r\n<meta property=\"og:title\" content=\"Nuevos consultores SAP formados en \u00e1gorAstur - blog \u00e1gorAstur Formaci\u00f3n\" \/>\r\n<meta property=\"og:description\" content=\"Hoy queremos compartir 2 casos de \u00e9xito en \u00e1gorAstur Formaci\u00f3n, los casos de Ana y Jos\u00e9 Miguel, ambos formados en nuestros centros como Consultores SAP y ...\" \/>\r\n<meta property=\"og:url\" content=\"https:\/\/agorastur.es\/blog\/nuevos-consultores-sap-formados-agorastur\/\" \/>\r\n<meta property=\"og:site_name\" content=\"blog \u00e1gorAstur Formaci\u00f3n\" \/>\r\n<meta property=\"article:publisher\" content=\"https:\/\/www.facebook.com\/agorasturformacion\" \/>\r\n<meta property=\"article:published_time\" content=\"2017-05-19T07:21:01+00:00\" \/>\r\n<meta property=\"og:image\" content=\"https:\/\/agorastur.es\/blog\/wp-content\/uploads\/2017\/05\/consultores-sap-agorastur-e1495178446174.jpg\" \/>\r\n\t<meta property=\"og:image:width\" content=\"800\" \/>\r\n\t<meta property=\"og:image:height\" content=\"550\" \/>\r\n\t<meta property=\"og:image:type\" content=\"image\/jpeg\" \/>\r\n<meta name=\"author\" content=\"\u00e1gorAstur Formaci\u00f3n\" \/>\r\n<meta name=\"twitter:card\" content=\"summary_large_image\" \/>\r\n<meta name=\"twitter:creator\" content=\"@Agorastur\" \/>\r\n<meta name=\"twitter:site\" content=\"@Agorastur\" \/>\r\n<meta name=\"twitter:label1\" content=\"Escrito por\" \/>\n\t<meta name=\"twitter:data1\" content=\"\u00e1gorAstur Formaci\u00f3n\" \/>\n\t<meta name=\"twitter:label2\" content=\"Tiempo de lectura\" \/>\n\t<meta name=\"twitter:data2\" content=\"2 minutos\" \/>\r\n<script type=\"application\/ld+json\" class=\"yoast-schema-graph\">{\"@context\":\"https:\\\/\\\/schema.org\",\"@graph\":[{\"@type\":\"Article\",\"@id\":\"https:\\\/\\\/agorastur.es\\\/blog\\\/nuevos-consultores-sap-formados-agorastur\\\/#article\",\"isPartOf\":{\"@id\":\"https:\\\/\\\/agorastur.es\\\/blog\\\/nuevos-consultores-sap-formados-agorastur\\\/\"},\"author\":{\"name\":\"\u00e1gorAstur Formaci\u00f3n\",\"@id\":\"https:\\\/\\\/agorastur.es\\\/blog\\\/#\\\/schema\\\/person\\\/e22add2390185670fd9a54413f42e33e\"},\"headline\":\"Nuevos consultores SAP formados en \u00e1gorAstur\",\"datePublished\":\"2017-05-19T07:21:01+00:00\",\"mainEntityOfPage\":{\"@id\":\"https:\\\/\\\/agorastur.es\\\/blog\\\/nuevos-consultores-sap-formados-agorastur\\\/\"},\"wordCount\":447,\"publisher\":{\"@id\":\"https:\\\/\\\/agorastur.es\\\/blog\\\/#organization\"},\"image\":{\"@id\":\"https:\\\/\\\/agorastur.es\\\/blog\\\/nuevos-consultores-sap-formados-agorastur\\\/#primaryimage\"},\"thumbnailUrl\":\"https:\\\/\\\/agorastur.es\\\/blog\\\/wp-content\\\/uploads\\\/2017\\\/05\\\/consultores-sap-agorastur-e1495178446174.jpg\",\"keywords\":[\"Asturias\",\"empleo\",\"j\u00f3venes\",\"SAP\",\"trabajo\"],\"articleSection\":[\"Casos de \u00c9xito\",\"Empleo\"],\"inLanguage\":\"es\"},{\"@type\":\"WebPage\",\"@id\":\"https:\\\/\\\/agorastur.es\\\/blog\\\/nuevos-consultores-sap-formados-agorastur\\\/\",\"url\":\"https:\\\/\\\/agorastur.es\\\/blog\\\/nuevos-consultores-sap-formados-agorastur\\\/\",\"name\":\"Nuevos consultores SAP formados en \u00e1gorAstur - blog \u00e1gorAstur Formaci\u00f3n\",\"isPartOf\":{\"@id\":\"https:\\\/\\\/agorastur.es\\\/blog\\\/#website\"},\"primaryImageOfPage\":{\"@id\":\"https:\\\/\\\/agorastur.es\\\/blog\\\/nuevos-consultores-sap-formados-agorastur\\\/#primaryimage\"},\"image\":{\"@id\":\"https:\\\/\\\/agorastur.es\\\/blog\\\/nuevos-consultores-sap-formados-agorastur\\\/#primaryimage\"},\"thumbnailUrl\":\"https:\\\/\\\/agorastur.es\\\/blog\\\/wp-content\\\/uploads\\\/2017\\\/05\\\/consultores-sap-agorastur-e1495178446174.jpg\",\"datePublished\":\"2017-05-19T07:21:01+00:00\",\"description\":\"Hoy queremos compartir 2 casos de \u00e9xito en \u00e1gorAstur Formaci\u00f3n, los casos de Ana y Jos\u00e9 Miguel, ambos formados en nuestros centros como Consultores SAP y ...\",\"breadcrumb\":{\"@id\":\"https:\\\/\\\/agorastur.es\\\/blog\\\/nuevos-consultores-sap-formados-agorastur\\\/#breadcrumb\"},\"inLanguage\":\"es\",\"potentialAction\":[{\"@type\":\"ReadAction\",\"target\":[\"https:\\\/\\\/agorastur.es\\\/blog\\\/nuevos-consultores-sap-formados-agorastur\\\/\"]}]},{\"@type\":\"ImageObject\",\"inLanguage\":\"es\",\"@id\":\"https:\\\/\\\/agorastur.es\\\/blog\\\/nuevos-consultores-sap-formados-agorastur\\\/#primaryimage\",\"url\":\"https:\\\/\\\/agorastur.es\\\/blog\\\/wp-content\\\/uploads\\\/2017\\\/05\\\/consultores-sap-agorastur-e1495178446174.jpg\",\"contentUrl\":\"https:\\\/\\\/agorastur.es\\\/blog\\\/wp-content\\\/uploads\\\/2017\\\/05\\\/consultores-sap-agorastur-e1495178446174.jpg\",\"width\":800,\"height\":550,\"caption\":\"consultores-sap-agorastur\"},{\"@type\":\"BreadcrumbList\",\"@id\":\"https:\\\/\\\/agorastur.es\\\/blog\\\/nuevos-consultores-sap-formados-agorastur\\\/#breadcrumb\",\"itemListElement\":[{\"@type\":\"ListItem\",\"position\":1,\"name\":\"\u00e1gorAstur\",\"item\":\"https:\\\/\\\/agorastur.es\\\/blog\\\/\"},{\"@type\":\"ListItem\",\"position\":2,\"name\":\"Casos de \u00c9xito\",\"item\":\"https:\\\/\\\/agorastur.es\\\/blog\\\/novedades\\\/casos-de-exito\\\/\"},{\"@type\":\"ListItem\",\"position\":3,\"name\":\"Nuevos consultores SAP formados en \u00e1gorAstur\"}]},{\"@type\":\"WebSite\",\"@id\":\"https:\\\/\\\/agorastur.es\\\/blog\\\/#website\",\"url\":\"https:\\\/\\\/agorastur.es\\\/blog\\\/\",\"name\":\"blog \u00e1gorAstur Formaci\u00f3n\",\"description\":\"Formaci\u00f3n en Asturias y Le\u00f3n\",\"publisher\":{\"@id\":\"https:\\\/\\\/agorastur.es\\\/blog\\\/#organization\"},\"potentialAction\":[{\"@type\":\"SearchAction\",\"target\":{\"@type\":\"EntryPoint\",\"urlTemplate\":\"https:\\\/\\\/agorastur.es\\\/blog\\\/?s={search_term_string}\"},\"query-input\":{\"@type\":\"PropertyValueSpecification\",\"valueRequired\":true,\"valueName\":\"search_term_string\"}}],\"inLanguage\":\"es\"},{\"@type\":\"Organization\",\"@id\":\"https:\\\/\\\/agorastur.es\\\/blog\\\/#organization\",\"name\":\"Grupo Agorastur, S.L.\",\"url\":\"https:\\\/\\\/agorastur.es\\\/blog\\\/\",\"logo\":{\"@type\":\"ImageObject\",\"inLanguage\":\"es\",\"@id\":\"https:\\\/\\\/agorastur.es\\\/blog\\\/#\\\/schema\\\/logo\\\/image\\\/\",\"url\":\"https:\\\/\\\/agorastur.es\\\/blog\\\/wp-content\\\/uploads\\\/2025\\\/03\\\/cropped-rrss.png\",\"contentUrl\":\"https:\\\/\\\/agorastur.es\\\/blog\\\/wp-content\\\/uploads\\\/2025\\\/03\\\/cropped-rrss.png\",\"width\":512,\"height\":512,\"caption\":\"Grupo Agorastur, S.L.\"},\"image\":{\"@id\":\"https:\\\/\\\/agorastur.es\\\/blog\\\/#\\\/schema\\\/logo\\\/image\\\/\"},\"sameAs\":[\"https:\\\/\\\/www.facebook.com\\\/agorasturformacion\",\"https:\\\/\\\/x.com\\\/Agorastur\"]},{\"@type\":\"Person\",\"@id\":\"https:\\\/\\\/agorastur.es\\\/blog\\\/#\\\/schema\\\/person\\\/e22add2390185670fd9a54413f42e33e\",\"name\":\"\u00e1gorAstur Formaci\u00f3n\",\"image\":{\"@type\":\"ImageObject\",\"inLanguage\":\"es\",\"@id\":\"https:\\\/\\\/agorastur.es\\\/blog\\\/wp-content\\\/uploads\\\/2025\\\/03\\\/cropped-favicon-1-96x96.png07751c8812e77018f06c4e5a1412ef3a\",\"url\":\"https:\\\/\\\/agorastur.es\\\/blog\\\/wp-content\\\/uploads\\\/2025\\\/03\\\/cropped-favicon-1-96x96.png\",\"contentUrl\":\"https:\\\/\\\/agorastur.es\\\/blog\\\/wp-content\\\/uploads\\\/2025\\\/03\\\/cropped-favicon-1-96x96.png\",\"caption\":\"\u00e1gorAstur Formaci\u00f3n\"},\"sameAs\":[\"http:\\\/\\\/agorastur.es\"],\"url\":\"https:\\\/\\\/agorastur.es\\\/blog\\\/author\\\/agorastur\\\/\"}]}<\/script>\r\n<!-- \/ Yoast SEO plugin. -->","yoast_head_json":{"title":"Nuevos consultores SAP formados en \u00e1gorAstur - blog \u00e1gorAstur Formaci\u00f3n","description":"Hoy queremos compartir 2 casos de \u00e9xito en \u00e1gorAstur Formaci\u00f3n, los casos de Ana y Jos\u00e9 Miguel, ambos formados en nuestros centros como Consultores SAP y ...","robots":{"index":"index","follow":"follow","max-snippet":"max-snippet:-1","max-image-preview":"max-image-preview:large","max-video-preview":"max-video-preview:-1"},"canonical":"https:\/\/agorastur.es\/blog\/nuevos-consultores-sap-formados-agorastur\/","og_locale":"es_ES","og_type":"article","og_title":"Nuevos consultores SAP formados en \u00e1gorAstur - blog \u00e1gorAstur Formaci\u00f3n","og_description":"Hoy queremos compartir 2 casos de \u00e9xito en \u00e1gorAstur Formaci\u00f3n, los casos de Ana y Jos\u00e9 Miguel, ambos formados en nuestros centros como Consultores SAP y ...","og_url":"https:\/\/agorastur.es\/blog\/nuevos-consultores-sap-formados-agorastur\/","og_site_name":"blog \u00e1gorAstur Formaci\u00f3n","article_publisher":"https:\/\/www.facebook.com\/agorasturformacion","article_published_time":"2017-05-19T07:21:01+00:00","og_image":[{"width":800,"height":550,"url":"https:\/\/agorastur.es\/blog\/wp-content\/uploads\/2017\/05\/consultores-sap-agorastur-e1495178446174.jpg","type":"image\/jpeg"}],"author":"\u00e1gorAstur Formaci\u00f3n","twitter_card":"summary_large_image","twitter_creator":"@Agorastur","twitter_site":"@Agorastur","twitter_misc":{"Escrito por":"\u00e1gorAstur Formaci\u00f3n","Tiempo de lectura":"2 minutos"},"schema":{"@context":"https:\/\/schema.org","@graph":[{"@type":"Article","@id":"https:\/\/agorastur.es\/blog\/nuevos-consultores-sap-formados-agorastur\/#article","isPartOf":{"@id":"https:\/\/agorastur.es\/blog\/nuevos-consultores-sap-formados-agorastur\/"},"author":{"name":"\u00e1gorAstur Formaci\u00f3n","@id":"https:\/\/agorastur.es\/blog\/#\/schema\/person\/e22add2390185670fd9a54413f42e33e"},"headline":"Nuevos consultores SAP formados en \u00e1gorAstur","datePublished":"2017-05-19T07:21:01+00:00","mainEntityOfPage":{"@id":"https:\/\/agorastur.es\/blog\/nuevos-consultores-sap-formados-agorastur\/"},"wordCount":447,"publisher":{"@id":"https:\/\/agorastur.es\/blog\/#organization"},"image":{"@id":"https:\/\/agorastur.es\/blog\/nuevos-consultores-sap-formados-agorastur\/#primaryimage"},"thumbnailUrl":"https:\/\/agorastur.es\/blog\/wp-content\/uploads\/2017\/05\/consultores-sap-agorastur-e1495178446174.jpg","keywords":["Asturias","empleo","j\u00f3venes","SAP","trabajo"],"articleSection":["Casos de \u00c9xito","Empleo"],"inLanguage":"es"},{"@type":"WebPage","@id":"https:\/\/agorastur.es\/blog\/nuevos-consultores-sap-formados-agorastur\/","url":"https:\/\/agorastur.es\/blog\/nuevos-consultores-sap-formados-agorastur\/","name":"Nuevos consultores SAP formados en \u00e1gorAstur - blog \u00e1gorAstur Formaci\u00f3n","isPartOf":{"@id":"https:\/\/agorastur.es\/blog\/#website"},"primaryImageOfPage":{"@id":"https:\/\/agorastur.es\/blog\/nuevos-consultores-sap-formados-agorastur\/#primaryimage"},"image":{"@id":"https:\/\/agorastur.es\/blog\/nuevos-consultores-sap-formados-agorastur\/#primaryimage"},"thumbnailUrl":"https:\/\/agorastur.es\/blog\/wp-content\/uploads\/2017\/05\/consultores-sap-agorastur-e1495178446174.jpg","datePublished":"2017-05-19T07:21:01+00:00","description":"Hoy queremos compartir 2 casos de \u00e9xito en \u00e1gorAstur Formaci\u00f3n, los casos de Ana y Jos\u00e9 Miguel, ambos formados en nuestros centros como Consultores SAP y ...","breadcrumb":{"@id":"https:\/\/agorastur.es\/blog\/nuevos-consultores-sap-formados-agorastur\/#breadcrumb"},"inLanguage":"es","potentialAction":[{"@type":"ReadAction","target":["https:\/\/agorastur.es\/blog\/nuevos-consultores-sap-formados-agorastur\/"]}]},{"@type":"ImageObject","inLanguage":"es","@id":"https:\/\/agorastur.es\/blog\/nuevos-consultores-sap-formados-agorastur\/#primaryimage","url":"https:\/\/agorastur.es\/blog\/wp-content\/uploads\/2017\/05\/consultores-sap-agorastur-e1495178446174.jpg","contentUrl":"https:\/\/agorastur.es\/blog\/wp-content\/uploads\/2017\/05\/consultores-sap-agorastur-e1495178446174.jpg","width":800,"height":550,"caption":"consultores-sap-agorastur"},{"@type":"BreadcrumbList","@id":"https:\/\/agorastur.es\/blog\/nuevos-consultores-sap-formados-agorastur\/#breadcrumb","itemListElement":[{"@type":"ListItem","position":1,"name":"\u00e1gorAstur","item":"https:\/\/agorastur.es\/blog\/"},{"@type":"ListItem","position":2,"name":"Casos de \u00c9xito","item":"https:\/\/agorastur.es\/blog\/novedades\/casos-de-exito\/"},{"@type":"ListItem","position":3,"name":"Nuevos consultores SAP formados en \u00e1gorAstur"}]},{"@type":"WebSite","@id":"https:\/\/agorastur.es\/blog\/#website","url":"https:\/\/agorastur.es\/blog\/","name":"blog \u00e1gorAstur Formaci\u00f3n","description":"Formaci\u00f3n en Asturias y Le\u00f3n","publisher":{"@id":"https:\/\/agorastur.es\/blog\/#organization"},"potentialAction":[{"@type":"SearchAction","target":{"@type":"EntryPoint","urlTemplate":"https:\/\/agorastur.es\/blog\/?s={search_term_string}"},"query-input":{"@type":"PropertyValueSpecification","valueRequired":true,"valueName":"search_term_string"}}],"inLanguage":"es"},{"@type":"Organization","@id":"https:\/\/agorastur.es\/blog\/#organization","name":"Grupo Agorastur, S.L.","url":"https:\/\/agorastur.es\/blog\/","logo":{"@type":"ImageObject","inLanguage":"es","@id":"https:\/\/agorastur.es\/blog\/#\/schema\/logo\/image\/","url":"https:\/\/agorastur.es\/blog\/wp-content\/uploads\/2025\/03\/cropped-rrss.png","contentUrl":"https:\/\/agorastur.es\/blog\/wp-content\/uploads\/2025\/03\/cropped-rrss.png","width":512,"height":512,"caption":"Grupo Agorastur, S.L."},"image":{"@id":"https:\/\/agorastur.es\/blog\/#\/schema\/logo\/image\/"},"sameAs":["https:\/\/www.facebook.com\/agorasturformacion","https:\/\/x.com\/Agorastur"]},{"@type":"Person","@id":"https:\/\/agorastur.es\/blog\/#\/schema\/person\/e22add2390185670fd9a54413f42e33e","name":"\u00e1gorAstur Formaci\u00f3n","image":{"@type":"ImageObject","inLanguage":"es","@id":"https:\/\/agorastur.es\/blog\/wp-content\/uploads\/2025\/03\/cropped-favicon-1-96x96.png07751c8812e77018f06c4e5a1412ef3a","url":"https:\/\/agorastur.es\/blog\/wp-content\/uploads\/2025\/03\/cropped-favicon-1-96x96.png","contentUrl":"https:\/\/agorastur.es\/blog\/wp-content\/uploads\/2025\/03\/cropped-favicon-1-96x96.png","caption":"\u00e1gorAstur Formaci\u00f3n"},"sameAs":["http:\/\/agorastur.es"],"url":"https:\/\/agorastur.es\/blog\/author\/agorastur\/"}]}},"jetpack_featured_media_url":"https:\/\/agorastur.es\/blog\/wp-content\/uploads\/2017\/05\/consultores-sap-agorastur-e1495178446174.jpg","jetpack_sharing_enabled":true,"jetpack_shortlink":"https:\/\/wp.me\/p8kSRz-nC","jetpack-related-posts":[{"id":1734,"url":"https:\/\/agorastur.es\/blog\/otro-gran-exito-agorastur-formacion\/","url_meta":{"origin":1464,"position":0},"title":"\u00a1Otro gran \u00e9xito en \u00e1gorAstur formaci\u00f3n!","author":"\u00e1gorAstur Formaci\u00f3n","date":"18\/12\/2017","format":false,"excerpt":"Hoy queremos contaros la experiencia y \u00e9xito de otra de nuestras alumnas, Montserrat Cotarelo, que tras formarse en Secretariado de Direcci\u00f3n en \u00e1gorAstur formaci\u00f3n, ha sido contratada en el mismo despacho de abogados en el que realiz\u00f3 las pr\u00e1cticas con \u00e1gorAstur (Celem\u00edn Patrimonio, C.B.). Con esfuerzo y dedicaci\u00f3n\u00a0ha logrado sus\u2026","rel":"","context":"En \u00abCasos de \u00c9xito\u00bb","block_context":{"text":"Casos de \u00c9xito","link":"https:\/\/agorastur.es\/blog\/novedades\/casos-de-exito\/"},"img":{"alt_text":"","src":"https:\/\/agorastur.es\/blog\/wp-content\/uploads\/2017\/12\/Abogados.png","width":350,"height":200,"srcset":"https:\/\/agorastur.es\/blog\/wp-content\/uploads\/2017\/12\/Abogados.png 1x, https:\/\/agorastur.es\/blog\/wp-content\/uploads\/2017\/12\/Abogados.png 1.5x, https:\/\/agorastur.es\/blog\/wp-content\/uploads\/2017\/12\/Abogados.png 2x"},"classes":[]},{"id":1513,"url":"https:\/\/agorastur.es\/blog\/margarita-estrada-exito\/","url_meta":{"origin":1464,"position":1},"title":"Margarita Estrada, otro \u00e9xito","author":"\u00e1gorAstur Formaci\u00f3n","date":"22\/06\/2017","format":false,"excerpt":"Para los que nos conocen, saben que nos desvivimos para brindar a nuestros alumnos la mejor formaci\u00f3n, el mayor desempe\u00f1o y esfuerzo para que logr\u00e9is todos vuestros objetivos a nivel profesional y de conocimientos, siempre en la b\u00fasqueda continua del \u00e9xito. Hoy tenemos que agradecer las palabras de nuestra alumna\u2026","rel":"","context":"En \u00abCasos de \u00c9xito\u00bb","block_context":{"text":"Casos de \u00c9xito","link":"https:\/\/agorastur.es\/blog\/novedades\/casos-de-exito\/"},"img":{"alt_text":"","src":"https:\/\/agorastur.es\/blog\/wp-content\/uploads\/2017\/06\/Margarita-Estrada.png","width":350,"height":200,"srcset":"https:\/\/agorastur.es\/blog\/wp-content\/uploads\/2017\/06\/Margarita-Estrada.png 1x, https:\/\/agorastur.es\/blog\/wp-content\/uploads\/2017\/06\/Margarita-Estrada.png 1.5x, https:\/\/agorastur.es\/blog\/wp-content\/uploads\/2017\/06\/Margarita-Estrada.png 2x"},"classes":[]},{"id":1413,"url":"https:\/\/agorastur.es\/blog\/estoy-agradecido-equipo-agorastur-formacion\/","url_meta":{"origin":1464,"position":2},"title":"Estoy muy agradecido a todo el equipo de \u00e1gorAstur formaci\u00f3n","author":"\u00e1gorAstur Formaci\u00f3n","date":"24\/04\/2017","format":false,"excerpt":"Queremos compartir otra\u00a0opini\u00f3n de uno de nuestros alumnos, un caso de \u00e9xito de nuestro centro de formaci\u00f3n que nos alegra y nos da m\u00e1s fuerzas para continuar formando y ayudando a m\u00e1s j\u00f3venes de Asturias. Gracias Marcos\u00a0por tus palabras. Te deseamos toda la suerte del mundo! En mi caso contact\u00e9\u2026","rel":"","context":"En \u00abCasos de \u00c9xito\u00bb","block_context":{"text":"Casos de \u00c9xito","link":"https:\/\/agorastur.es\/blog\/novedades\/casos-de-exito\/"},"img":{"alt_text":"marcos-alvarez-rodriguez","src":"https:\/\/agorastur.es\/blog\/wp-content\/uploads\/2017\/04\/marcos-alvarez-rodriguez.jpg","width":350,"height":200,"srcset":"https:\/\/agorastur.es\/blog\/wp-content\/uploads\/2017\/04\/marcos-alvarez-rodriguez.jpg 1x, https:\/\/agorastur.es\/blog\/wp-content\/uploads\/2017\/04\/marcos-alvarez-rodriguez.jpg 1.5x, https:\/\/agorastur.es\/blog\/wp-content\/uploads\/2017\/04\/marcos-alvarez-rodriguez.jpg 2x"},"classes":[]},{"id":2004,"url":"https:\/\/agorastur.es\/blog\/nuevo-exito-en-agorastur\/","url_meta":{"origin":1464,"position":3},"title":"Nuevo \u00e9xito en \u00e1gorAstur","author":"\u00e1gorAstur Formaci\u00f3n","date":"17\/05\/2018","format":false,"excerpt":"Hoy queremos felicitar a Mar\u00eda Victoria Men\u00e9ndez Iglesias, que despu\u00e9s de realizar el curso de Auxiliar de \u00f3ptica y de llevar a cabo las pr\u00e1cticas de empresa, ha sido contratada en la misma. \u00a1Enhorabuena por tu tes\u00f3n, inter\u00e9s y ganas! No existe mayor satisfacci\u00f3n que el saber que tu trabajo\u2026","rel":"","context":"En \u00abCasos de \u00c9xito\u00bb","block_context":{"text":"Casos de \u00c9xito","link":"https:\/\/agorastur.es\/blog\/novedades\/casos-de-exito\/"},"img":{"alt_text":"","src":"https:\/\/agorastur.es\/blog\/wp-content\/uploads\/2018\/05\/agreement-3399518_1280.jpg","width":350,"height":200,"srcset":"https:\/\/agorastur.es\/blog\/wp-content\/uploads\/2018\/05\/agreement-3399518_1280.jpg 1x, https:\/\/agorastur.es\/blog\/wp-content\/uploads\/2018\/05\/agreement-3399518_1280.jpg 1.5x, https:\/\/agorastur.es\/blog\/wp-content\/uploads\/2018\/05\/agreement-3399518_1280.jpg 2x"},"classes":[]},{"id":1532,"url":"https:\/\/agorastur.es\/blog\/opinion-cintya-cristina\/","url_meta":{"origin":1464,"position":4},"title":"Opini\u00f3n de Cintya Cristina","author":"\u00e1gorAstur Formaci\u00f3n","date":"03\/07\/2017","format":false,"excerpt":"Hoy queremos compartir el buen sabor de boca que nos deja la opini\u00f3n de una de nuestras alumnas, Cintya Cristina, que tras su esfuerzo y buen hacer ha terminado con \u00e9xito su formaci\u00f3n como camarera profesional. Una vez m\u00e1s, tenemos otro caso de \u00e9xito. Aqu\u00ed os mostramos su opini\u00f3n: \u00a1\u00a1\u00a1Acabo\u2026","rel":"","context":"En \u00abCasos de \u00c9xito\u00bb","block_context":{"text":"Casos de \u00c9xito","link":"https:\/\/agorastur.es\/blog\/novedades\/casos-de-exito\/"},"img":{"alt_text":"","src":"https:\/\/agorastur.es\/blog\/wp-content\/uploads\/2017\/07\/Cynthia.png","width":350,"height":200,"srcset":"https:\/\/agorastur.es\/blog\/wp-content\/uploads\/2017\/07\/Cynthia.png 1x, https:\/\/agorastur.es\/blog\/wp-content\/uploads\/2017\/07\/Cynthia.png 1.5x, https:\/\/agorastur.es\/blog\/wp-content\/uploads\/2017\/07\/Cynthia.png 2x"},"classes":[]},{"id":14272,"url":"https:\/\/agorastur.es\/blog\/nuevos-espacios-agoranext\/","url_meta":{"origin":1464,"position":5},"title":"Nuevos espacios Agoranext","author":"\u00e1gorAstur Formaci\u00f3n","date":"30\/03\/2026","format":false,"excerpt":"La evoluci\u00f3n de la formaci\u00f3n exige algo m\u00e1s que contenido: requiere espacios que acompa\u00f1en, potencien y mejoren la experiencia del alumno. En \u00e1gorAstur damos un paso m\u00e1s en ese compromiso con la calidad incorporando nuevas instalaciones de formaci\u00f3n en nuestra sede principal de Oviedo. Estos nuevos espacios han sido dise\u00f1ados\u2026","rel":"","context":"En \u00abEmpleo\u00bb","block_context":{"text":"Empleo","link":"https:\/\/agorastur.es\/blog\/novedades\/empleo\/"},"img":{"alt_text":"","src":"https:\/\/agorastur.es\/blog\/wp-content\/uploads\/2026\/03\/recepcion-agoranext.jpg","width":350,"height":200,"srcset":"https:\/\/agorastur.es\/blog\/wp-content\/uploads\/2026\/03\/recepcion-agoranext.jpg 1x, https:\/\/agorastur.es\/blog\/wp-content\/uploads\/2026\/03\/recepcion-agoranext.jpg 1.5x, https:\/\/agorastur.es\/blog\/wp-content\/uploads\/2026\/03\/recepcion-agoranext.jpg 2x, https:\/\/agorastur.es\/blog\/wp-content\/uploads\/2026\/03\/recepcion-agoranext.jpg 3x, https:\/\/agorastur.es\/blog\/wp-content\/uploads\/2026\/03\/recepcion-agoranext.jpg 4x"},"classes":[]}],"authors":[{"term_id":259,"user_id":1,"is_guest":0,"slug":"agorastur","display_name":"\u00e1gorAstur Formaci\u00f3n","avatar_url":"https:\/\/agorastur.es\/blog\/wp-content\/uploads\/2025\/03\/cropped-favicon-1-96x96.png","1":"","2":"","3":"","4":"","5":"","6":"","7":"","8":""}],"_links":{"self":[{"href":"https:\/\/agorastur.es\/blog\/wp-json\/wp\/v2\/posts\/1464","targetHints":{"allow":["GET"]}}],"collection":[{"href":"https:\/\/agorastur.es\/blog\/wp-json\/wp\/v2\/posts"}],"about":[{"href":"https:\/\/agorastur.es\/blog\/wp-json\/wp\/v2\/types\/post"}],"author":[{"embeddable":true,"href":"https:\/\/agorastur.es\/blog\/wp-json\/wp\/v2\/users\/1"}],"replies":[{"embeddable":true,"href":"https:\/\/agorastur.es\/blog\/wp-json\/wp\/v2\/comments?post=1464"}],"version-history":[{"count":1,"href":"https:\/\/agorastur.es\/blog\/wp-json\/wp\/v2\/posts\/1464\/revisions"}],"predecessor-version":[{"id":1466,"href":"https:\/\/agorastur.es\/blog\/wp-json\/wp\/v2\/posts\/1464\/revisions\/1466"}],"wp:featuredmedia":[{"embeddable":true,"href":"https:\/\/agorastur.es\/blog\/wp-json\/wp\/v2\/media\/1465"}],"wp:attachment":[{"href":"https:\/\/agorastur.es\/blog\/wp-json\/wp\/v2\/media?parent=1464"}],"wp:term":[{"taxonomy":"category","embeddable":true,"href":"https:\/\/agorastur.es\/blog\/wp-json\/wp\/v2\/categories?post=1464"},{"taxonomy":"post_tag","embeddable":true,"href":"https:\/\/agorastur.es\/blog\/wp-json\/wp\/v2\/tags?post=1464"},{"taxonomy":"author","embeddable":true,"href":"https:\/\/agorastur.es\/blog\/wp-json\/wp\/v2\/ppma_author?post=1464"}],"curies":[{"name":"wp","href":"https:\/\/api.w.org\/{rel}","templated":true}]}}