{"id":1314,"date":"2017-03-08T10:45:57","date_gmt":"2017-03-08T09:45:57","guid":{"rendered":"https:\/\/agorastur.es\/blog\/?p=1314"},"modified":"2020-07-21T18:47:39","modified_gmt":"2020-07-21T17:47:39","slug":"seminarios-de-marzo-del-2017","status":"publish","type":"post","link":"https:\/\/agorastur.es\/blog\/seminarios-de-marzo-del-2017\/","title":{"rendered":"Seminarios de Marzo del 2017"},"content":{"rendered":"<p>\u00a1Os dejamos el calendario de los seminarios de este mes!<\/p>\n<p>Como todos los meses, desde <a href=\"http:\/\/agorastur.es\">\u00e1gorAstur formaci\u00f3n<\/a>, os queremos brindar la mejor formaci\u00f3n.<\/p>\n<p>Nuestro sistema formativo personal, flexible y en constante evoluci\u00f3n, permite que nuestros alumnos logren sus objetivos con un sistema de seguimiento y control personal, para que el compromiso y buen hacer sea nuestra mejor virtud.<\/p>\n<p>Para ello, os mantenemos informados de nuestra actividad formativa, proporcionamos a todos nuestros alumnos la posibilidad de asistir a multitud de seminarios complementarios de los cursos en los que se est\u00e1n formando. Podr\u00e9is mejorar vuestro nivel de ingl\u00e9s, aprender t\u00e9cnicas de primeros auxilios, obtener el carnet de manipulador de alimentos, conocer m\u00e1s a fondo la alimentaci\u00f3n, aprender mec\u00e1nica, las t\u00e9cnicas de estudio m\u00e1s efectivas, saber desarrollar los CV m\u00e1s actuales, las t\u00e9cnicas m\u00e1s efectivas para b\u00fasqueda de trabajo y un largo etc.<\/p>\n<p><!--more--><\/p>\n<p>Pod\u00e9is consultar lo que necesit\u00e9is en la siguiente tabla de seminarios \u00e1gorAstur:<\/p>\n<p><strong>Seminarios de Marzo en\u00a0Oviedo:<\/strong><\/p>\n<table class=\"table table-striped\">\n<tbody class=\"text-xs\">\n<tr>\n<td style=\"width: 20%;\"><\/td>\n<td style=\"width: 20%;\"><\/td>\n<td style=\"width: 20%;\"><span style=\"color: #1a88ca;\"><strong>Mi\u00e9rcoles 1<\/strong><\/span><br \/>\n<strong>FOL: PRL.<\/strong><br \/>\n16:30 a 18:30<br \/>\n<strong>TOE 2:<\/strong><br \/>\n16:30 a 18:30<\/td>\n<td style=\"width: 20%;\"><span style=\"color: #1a88ca;\"><strong>Jueves 2<\/strong><\/span><br \/>\n<strong>Preparador F\u00edsico:<\/strong><br \/>\n10:00 a 14:00<br \/>\n<strong>Veterinaria:<\/strong><br \/>\n16:30 a 18:30<\/td>\n<td style=\"width: 20%;\"><span style=\"color: #1a88ca;\"><strong>Viernes 3<\/strong><\/span><br \/>\n<strong>Jur\u00eddico:<\/strong><br \/>\n16:00 a 18:00<\/td>\n<\/tr>\n<tr>\n<td><span style=\"color: #1a88ca;\"><strong>Lunes 6<\/strong><\/span><br \/>\n<strong>Ingl\u00e9s:<\/strong><br \/>\nIniciaci\u00f3n 17:00 a 18:00<br \/>\nIntermedio 18:15 a 20:15<\/td>\n<td><span style=\"color: #1a88ca;\"><strong>Martes 7<\/strong><\/span><br \/>\n<strong>Formulaci\u00f3n:<\/strong><br \/>\n10:00 a 12:00<br \/>\n<strong>Nutrici\u00f3n:<\/strong><br \/>\n18:00 a 20:00<\/td>\n<td><span style=\"color: #1a88ca;\"><strong>Mi\u00e9rcoles 8<\/strong><\/span><br \/>\n<strong>TOE 3:<\/strong><br \/>\n16:30 a 18:30<\/td>\n<td><span style=\"color: #1a88ca;\"><strong>Jueves 9<\/strong><\/span><br \/>\n<strong>T\u00e9cnicas de Estudio:<\/strong><br \/>\n16:30 a 18:30<\/td>\n<td><\/td>\n<\/tr>\n<tr>\n<td><span style=\"color: #1a88ca;\"><strong>Lunes 13<\/strong><\/span><br \/>\n<strong>Ingl\u00e9s:<\/strong><br \/>\nIniciaci\u00f3n 17:00 a 18:00<br \/>\nIntermedio 18:15 a 20:15<\/td>\n<td><span style=\"color: #1a88ca;\"><strong>Martes\u00a014<\/strong><\/span><br \/>\n<strong>Formulaci\u00f3n:<\/strong><br \/>\n10:00 a 12:00<\/td>\n<td><span style=\"color: #1a88ca;\"><strong>Mi\u00e9rcoles 15<\/strong><\/span><br \/>\n<strong>TOE 4:<\/strong><br \/>\n16:30 a 18:30<\/td>\n<td><span style=\"color: #1a88ca;\"><strong>Jueves 16<\/strong><\/span><br \/>\n<strong>Preparador F\u00edsico:<\/strong><br \/>\n10:00 a 14:00<\/td>\n<td><span style=\"color: #1a88ca;\"><strong>Viernes 17<\/strong><\/span><br \/>\n<strong>Jur\u00eddico:<\/strong><br \/>\n16:00 a 18:00<\/td>\n<\/tr>\n<tr>\n<td><span style=\"color: #1a88ca;\"><strong>Lunes\u00a020<\/strong><\/span><br \/>\n<strong>Ingl\u00e9s:<\/strong><br \/>\nIniciaci\u00f3n 17:00 a 18:00<br \/>\nIntermedio 18:15 a 20:15<\/td>\n<td><span style=\"color: #1a88ca;\"><strong>Martes\u00a021<\/strong><\/span><br \/>\n<strong>Formulaci\u00f3n:<\/strong><br \/>\n10:00 a 12:00<br \/>\n<strong>Nutrici\u00f3n:<\/strong><br \/>\n18:00 a 20:00<\/td>\n<td><span style=\"color: #1a88ca;\"><strong>Mi\u00e9rcoles 22<\/strong><\/span><br \/>\n<strong>Mec\u00e1nica:<\/strong><br \/>\n10:00 a 12:00<br \/>\n<strong>TOE 5:<\/strong><br \/>\n16:30 a 18:30<br \/>\n<strong>RRHH:<\/strong><br \/>\n18:00 a 20:00<\/td>\n<td><span style=\"color: #1a88ca;\"><strong>Jueves 23<\/strong><\/span><br \/>\n<strong>B\u00fasqueda de Empleo. CV y carta:<\/strong><br \/>\n11:00 a 13:00<\/td>\n<td><span style=\"color: #1a88ca;\"><strong>Viernes 24<\/strong><\/span><br \/>\n<strong>TOE 6:<\/strong><br \/>\n16:30 a 18:30<\/td>\n<\/tr>\n<tr>\n<td><span style=\"color: #1a88ca;\"><strong>Lunes\u00a027<\/strong><\/span><\/td>\n<td><span style=\"color: #1a88ca;\"><strong>Martes 28<\/strong><\/span><br \/>\n<strong>Formulaci\u00f3n:<\/strong><br \/>\n10:00 a 12:00<br \/>\n<strong>Simulaci\u00f3n Empresarial:<\/strong><br \/>\n18:00 a 20:00<\/td>\n<td><span style=\"color: #1a88ca;\"><strong>Mi\u00e9rcoles 29<\/strong><\/span><br \/>\n<strong>TOE 7:<\/strong><br \/>\n16:30 a 18:30<\/td>\n<td><span style=\"color: #1a88ca;\"><strong>Jueves 30<\/strong><\/span><br \/>\n<strong>Preparador F\u00edsico:<\/strong><br \/>\n10:00 a 14:00<\/td>\n<td><span style=\"color: #1a88ca;\"><strong>Viernes 31<\/strong><\/span><br \/>\n<strong>Ingl\u00e9s:<\/strong><br \/>\nIniciaci\u00f3n 17:00 a 18:00<br \/>\nIntermedio 18:15 a 20:15<br \/>\n<strong>Jur\u00eddico:<\/strong><br \/>\n16:00 a 18:00<\/td>\n<\/tr>\n<\/tbody>\n<\/table>\n<p><strong>Seminarios de Marzo en Gij\u00f3n:<\/strong><\/p>\n<table class=\"table table-striped\">\n<tbody class=\"text-xs\">\n<tr>\n<td style=\"width: 20%;\"><\/td>\n<td style=\"width: 20%;\"><\/td>\n<td style=\"width: 20%;\"><span style=\"color: #1a88ca;\"><strong>Mi\u00e9rcoles 1<\/strong><\/span><br \/>\n<strong>Parafarmacia:<\/strong><br \/>\n12:00 a 13:30<br \/>\n<strong>Veterinaria:<\/strong><br \/>\n16:30 a 18:30<\/td>\n<td style=\"width: 20%;\"><span style=\"color: #1a88ca;\"><strong>Jueves 2<\/strong><\/span><br \/>\n<strong>Ingl\u00e9s:<\/strong><br \/>\nIniciaci\u00f3n 17:00 a 8:00<br \/>\nIntermedio 18:15 a 20:15<\/td>\n<td style=\"width: 20%;\"><span style=\"color: #1a88ca;\"><strong>Viernes 3<\/strong><\/span><br \/>\n<strong>Promoci\u00f3n de la salud:<\/strong><br \/>\n12:00 a 13:30<\/td>\n<\/tr>\n<tr>\n<td><span style=\"color: #1a88ca;\"><strong>Lunes 6<\/strong><\/span><br \/>\n<strong>Formulaci\u00f3n:<\/strong><br \/>\n16:00 a 18:00<\/td>\n<td><span style=\"color: #1a88ca;\"><strong>Martes 7<\/strong><\/span><br \/>\n<strong>Mec\u00e1nica:<\/strong><br \/>\n11:00 a 13:00<\/td>\n<td><span style=\"color: #1a88ca;\"><strong>Mi\u00e9rcoles 8<\/strong><\/span><br \/>\n<strong>Parafarmacia:<\/strong><br \/>\n12:00 a 13:30<br \/>\n<strong>T\u00e9cnicas de Estudio:<\/strong><br \/>\n16:00 a 18:00<\/td>\n<td><span style=\"color: #1a88ca;\"><strong>Jueves 9<\/strong><\/span><br \/>\n<strong>Preparador F\u00edsico 3\u00aa Edad:<\/strong><br \/>\n10:00 a 14:00<br \/>\n<strong>Ingl\u00e9s:<\/strong><br \/>\nIniciaci\u00f3n 17:00 a 8:00<br \/>\nIntermedio 18:15 a 20:15<\/td>\n<td><span style=\"color: #1a88ca;\"><strong>Viernes 10<\/strong><\/span><br \/>\n<strong>Promoci\u00f3n de la salud:<\/strong><br \/>\n12:00 a 13:30<br \/>\n<strong>Jur\u00eddico:<\/strong><br \/>\n16:00 a 18:00<\/td>\n<\/tr>\n<tr>\n<td><span style=\"color: #1a88ca;\"><strong>Lunes 13<\/strong><\/span><br \/>\n<strong>Educaci\u00f3n:<\/strong><br \/>\nIniciaci\u00f3n 12:30 a 14:30<br \/>\n<strong>Formulaci\u00f3n:<\/strong><br \/>\n16:00 a 18:00<\/td>\n<td><span style=\"color: #1a88ca;\"><strong>Martes\u00a014<\/strong><\/span><br \/>\n<strong>B\u00fasqueda de Empleo. CV y carta:<\/strong><br \/>\n10:00 a 13:00<br \/>\n<strong>Nutrici\u00f3n:<\/strong><br \/>\n18:00 a 20:00<\/td>\n<td><span style=\"color: #1a88ca;\"><strong>Mi\u00e9rcoles 15<\/strong><\/span><br \/>\n<strong>Parafarmacia:<\/strong><br \/>\n12:00 a 13:30<br \/>\n<strong>Manipulador de Alimentos:<\/strong><br \/>\n16:30 a 18:30<\/td>\n<td><span style=\"color: #1a88ca;\"><strong>Jueves 16<\/strong><\/span><br \/>\n<strong>Ingl\u00e9s:<\/strong><br \/>\nIniciaci\u00f3n 17:00 a 18:00<br \/>\nIntermedio 18:15 a 20:15<\/td>\n<td><span style=\"color: #1a88ca;\"><strong>Viernes 17<\/strong><\/span><br \/>\n<strong>Promoci\u00f3n de la salud:<\/strong><br \/>\n12:00 a 13:30<br \/>\n<strong>Primeros Auxilios:<\/strong><br \/>\n16:00 a 20:00<br \/>\n<strong>S\u00e1bado 18<\/strong>; de 10:00 a 14:00<\/td>\n<\/tr>\n<tr>\n<td><span style=\"color: #1a88ca;\"><strong>Lunes\u00a020<\/strong><\/span><br \/>\n<strong>Formulaci\u00f3n:<\/strong><br \/>\n16:00 a 18:00<\/td>\n<td><\/td>\n<td><\/td>\n<td><span style=\"color: #1a88ca;\"><strong>Jueves 23<\/strong><\/span><br \/>\n<strong>Preparador F\u00edsico:<\/strong><br \/>\n10:00 a 14:00<br \/>\n<strong>Ingl\u00e9s:<\/strong><br \/>\nIniciaci\u00f3n 17:00 a 18:00<br \/>\nIntermedio 18:15 a 20:15<\/td>\n<td><span style=\"color: #1a88ca;\"><strong>Viernes 24<\/strong><\/span><br \/>\n<strong>Jur\u00eddico:<\/strong><br \/>\n16:00 a 18:00<\/td>\n<\/tr>\n<tr>\n<td><span style=\"color: #1a88ca;\"><strong>Lunes\u00a027<\/strong><\/span><br \/>\n<strong>Formulaci\u00f3n:<\/strong><br \/>\n16:00 a 18:00<\/td>\n<td><span style=\"color: #1a88ca;\"><strong>Martes 28<\/strong><\/span><br \/>\n<strong>Nutrici\u00f3n:<\/strong><br \/>\n18:00 a 20:00<\/td>\n<td><\/td>\n<td><span style=\"color: #1a88ca;\"><strong>Jueves 30<\/strong><\/span><br \/>\n<strong>Ingl\u00e9s:<\/strong><br \/>\nIniciaci\u00f3n 17:00 a 18:00<br \/>\nIntermedio 18:15 a 20:15<\/td>\n<td><\/td>\n<\/tr>\n<\/tbody>\n<\/table>\n<p>Aprovechamos tambi\u00e9n para recordaros que, <strong>para determinados seminarios<\/strong>, como \u00abManipulador de Alimentos\u00bb o \u00abPrimeros Auxilios\u00bb <strong>hay que apuntarse obligatoriamente<\/strong>. Esperamos que disfrut\u00e9is de ellos.<\/p>\n<p>Cualquier novedad la pod\u00e9is descubrir en nuestro facebook de empresa:<\/p>\n<p><a href=\"https:\/\/www.facebook.com\/Agorastur\/\">https:\/\/www.facebook.com\/Agorastur\/<\/a><\/p>\n","protected":false},"excerpt":{"rendered":"<p>\u00a1Os dejamos el calendario de los seminarios de este mes! Como todos los meses, desde \u00e1gorAstur formaci\u00f3n, os queremos brindar la mejor formaci\u00f3n. Nuestro sistema formativo personal, flexible y en constante evoluci\u00f3n, permite que nuestros alumnos logren sus objetivos con un sistema de seguimiento y control personal, para que el compromiso y buen hacer sea [&hellip;]<\/p>\n","protected":false},"author":1,"featured_media":1341,"comment_status":"closed","ping_status":"closed","sticky":false,"template":"","format":"standard","meta":{"_jetpack_newsletter_access":"","_jetpack_dont_email_post_to_subs":true,"_jetpack_newsletter_tier_id":0,"_jetpack_memberships_contains_paywalled_content":false,"_jetpack_memberships_contains_paid_content":false,"footnotes":""},"categories":[40],"tags":[43,42,41],"ppma_author":[259],"class_list":{"0":"post-1314","1":"post","2":"type-post","3":"status-publish","4":"format-standard","5":"has-post-thumbnail","7":"category-seminarios","8":"tag-43","9":"tag-marzo","10":"tag-seminarios"},"yoast_head":"<!-- This site is optimized with the Yoast SEO plugin v27.5 - https:\/\/yoast.com\/product\/yoast-seo-wordpress\/ -->\r\n<title>Seminarios de Marzo del 2017 - Blog \u00e1gorAstur Formaci\u00f3n<\/title>\r\n<meta name=\"description\" content=\"Para lograr la mejor formaci\u00f3n hace falta esfuerzo y dedicaci\u00f3n. En \u00e1gorAstur formaci\u00f3n dispones de m\u00faltiples seminarios durante este mes de marzo de 2017.\" \/>\r\n<meta name=\"robots\" content=\"noindex, follow\" \/>\r\n<meta property=\"og:locale\" content=\"es_ES\" \/>\r\n<meta property=\"og:type\" content=\"article\" \/>\r\n<meta property=\"og:title\" content=\"Seminarios de Marzo del 2017 - Blog \u00e1gorAstur Formaci\u00f3n\" \/>\r\n<meta property=\"og:description\" content=\"Para lograr la mejor formaci\u00f3n hace falta esfuerzo y dedicaci\u00f3n. En \u00e1gorAstur formaci\u00f3n dispones de m\u00faltiples seminarios durante este mes de marzo de 2017.\" \/>\r\n<meta property=\"og:url\" content=\"https:\/\/agorastur.es\/blog\/seminarios-de-marzo-del-2017\/\" \/>\r\n<meta property=\"og:site_name\" content=\"blog \u00e1gorAstur Formaci\u00f3n\" \/>\r\n<meta property=\"article:publisher\" content=\"https:\/\/www.facebook.com\/agorasturformacion\" \/>\r\n<meta property=\"article:published_time\" content=\"2017-03-08T09:45:57+00:00\" \/>\r\n<meta property=\"article:modified_time\" content=\"2020-07-21T17:47:39+00:00\" \/>\r\n<meta property=\"og:image\" content=\"https:\/\/agorastur.es\/blog\/wp-content\/uploads\/2017\/03\/Seminarios-marzo-2017-4.jpg\" \/>\r\n\t<meta property=\"og:image:width\" content=\"800\" \/>\r\n\t<meta property=\"og:image:height\" content=\"550\" \/>\r\n\t<meta property=\"og:image:type\" content=\"image\/jpeg\" \/>\r\n<meta name=\"author\" content=\"\u00e1gorAstur Formaci\u00f3n\" \/>\r\n<meta name=\"twitter:card\" content=\"summary_large_image\" \/>\r\n<meta name=\"twitter:creator\" content=\"@Agorastur\" \/>\r\n<meta name=\"twitter:site\" content=\"@Agorastur\" \/>\r\n<meta name=\"twitter:label1\" content=\"Escrito por\" \/>\n\t<meta name=\"twitter:data1\" content=\"\u00e1gorAstur Formaci\u00f3n\" \/>\n\t<meta name=\"twitter:label2\" content=\"Tiempo de lectura\" \/>\n\t<meta name=\"twitter:data2\" content=\"3 minutos\" \/>\r\n<script type=\"application\/ld+json\" class=\"yoast-schema-graph\">{\"@context\":\"https:\\\/\\\/schema.org\",\"@graph\":[{\"@type\":\"Article\",\"@id\":\"https:\\\/\\\/agorastur.es\\\/blog\\\/seminarios-de-marzo-del-2017\\\/#article\",\"isPartOf\":{\"@id\":\"https:\\\/\\\/agorastur.es\\\/blog\\\/seminarios-de-marzo-del-2017\\\/\"},\"author\":{\"name\":\"\u00e1gorAstur Formaci\u00f3n\",\"@id\":\"https:\\\/\\\/agorastur.es\\\/blog\\\/#\\\/schema\\\/person\\\/e22add2390185670fd9a54413f42e33e\"},\"headline\":\"Seminarios de Marzo del 2017\",\"datePublished\":\"2017-03-08T09:45:57+00:00\",\"dateModified\":\"2020-07-21T17:47:39+00:00\",\"mainEntityOfPage\":{\"@id\":\"https:\\\/\\\/agorastur.es\\\/blog\\\/seminarios-de-marzo-del-2017\\\/\"},\"wordCount\":508,\"publisher\":{\"@id\":\"https:\\\/\\\/agorastur.es\\\/blog\\\/#organization\"},\"image\":{\"@id\":\"https:\\\/\\\/agorastur.es\\\/blog\\\/seminarios-de-marzo-del-2017\\\/#primaryimage\"},\"thumbnailUrl\":\"https:\\\/\\\/agorastur.es\\\/blog\\\/wp-content\\\/uploads\\\/2017\\\/03\\\/Seminarios-marzo-2017-4.jpg\",\"keywords\":[\"2017\",\"marzo\",\"seminarios\"],\"articleSection\":[\"Seminarios\"],\"inLanguage\":\"es\"},{\"@type\":\"WebPage\",\"@id\":\"https:\\\/\\\/agorastur.es\\\/blog\\\/seminarios-de-marzo-del-2017\\\/\",\"url\":\"https:\\\/\\\/agorastur.es\\\/blog\\\/seminarios-de-marzo-del-2017\\\/\",\"name\":\"Seminarios de Marzo del 2017 - Blog \u00e1gorAstur Formaci\u00f3n\",\"isPartOf\":{\"@id\":\"https:\\\/\\\/agorastur.es\\\/blog\\\/#website\"},\"primaryImageOfPage\":{\"@id\":\"https:\\\/\\\/agorastur.es\\\/blog\\\/seminarios-de-marzo-del-2017\\\/#primaryimage\"},\"image\":{\"@id\":\"https:\\\/\\\/agorastur.es\\\/blog\\\/seminarios-de-marzo-del-2017\\\/#primaryimage\"},\"thumbnailUrl\":\"https:\\\/\\\/agorastur.es\\\/blog\\\/wp-content\\\/uploads\\\/2017\\\/03\\\/Seminarios-marzo-2017-4.jpg\",\"datePublished\":\"2017-03-08T09:45:57+00:00\",\"dateModified\":\"2020-07-21T17:47:39+00:00\",\"description\":\"Para lograr la mejor formaci\u00f3n hace falta esfuerzo y dedicaci\u00f3n. En \u00e1gorAstur formaci\u00f3n dispones de m\u00faltiples seminarios durante este mes de marzo de 2017.\",\"breadcrumb\":{\"@id\":\"https:\\\/\\\/agorastur.es\\\/blog\\\/seminarios-de-marzo-del-2017\\\/#breadcrumb\"},\"inLanguage\":\"es\",\"potentialAction\":[{\"@type\":\"ReadAction\",\"target\":[\"https:\\\/\\\/agorastur.es\\\/blog\\\/seminarios-de-marzo-del-2017\\\/\"]}]},{\"@type\":\"ImageObject\",\"inLanguage\":\"es\",\"@id\":\"https:\\\/\\\/agorastur.es\\\/blog\\\/seminarios-de-marzo-del-2017\\\/#primaryimage\",\"url\":\"https:\\\/\\\/agorastur.es\\\/blog\\\/wp-content\\\/uploads\\\/2017\\\/03\\\/Seminarios-marzo-2017-4.jpg\",\"contentUrl\":\"https:\\\/\\\/agorastur.es\\\/blog\\\/wp-content\\\/uploads\\\/2017\\\/03\\\/Seminarios-marzo-2017-4.jpg\",\"width\":800,\"height\":550,\"caption\":\"seminarios-marzo-agorastur\"},{\"@type\":\"BreadcrumbList\",\"@id\":\"https:\\\/\\\/agorastur.es\\\/blog\\\/seminarios-de-marzo-del-2017\\\/#breadcrumb\",\"itemListElement\":[{\"@type\":\"ListItem\",\"position\":1,\"name\":\"\u00e1gorAstur\",\"item\":\"https:\\\/\\\/agorastur.es\\\/blog\\\/\"},{\"@type\":\"ListItem\",\"position\":2,\"name\":\"Seminarios\",\"item\":\"https:\\\/\\\/agorastur.es\\\/blog\\\/novedades\\\/seminarios\\\/\"},{\"@type\":\"ListItem\",\"position\":3,\"name\":\"Seminarios de Marzo del 2017\"}]},{\"@type\":\"WebSite\",\"@id\":\"https:\\\/\\\/agorastur.es\\\/blog\\\/#website\",\"url\":\"https:\\\/\\\/agorastur.es\\\/blog\\\/\",\"name\":\"blog \u00e1gorAstur Formaci\u00f3n\",\"description\":\"Formaci\u00f3n en Asturias y Le\u00f3n\",\"publisher\":{\"@id\":\"https:\\\/\\\/agorastur.es\\\/blog\\\/#organization\"},\"potentialAction\":[{\"@type\":\"SearchAction\",\"target\":{\"@type\":\"EntryPoint\",\"urlTemplate\":\"https:\\\/\\\/agorastur.es\\\/blog\\\/?s={search_term_string}\"},\"query-input\":{\"@type\":\"PropertyValueSpecification\",\"valueRequired\":true,\"valueName\":\"search_term_string\"}}],\"inLanguage\":\"es\"},{\"@type\":\"Organization\",\"@id\":\"https:\\\/\\\/agorastur.es\\\/blog\\\/#organization\",\"name\":\"Grupo Agorastur, S.L.\",\"url\":\"https:\\\/\\\/agorastur.es\\\/blog\\\/\",\"logo\":{\"@type\":\"ImageObject\",\"inLanguage\":\"es\",\"@id\":\"https:\\\/\\\/agorastur.es\\\/blog\\\/#\\\/schema\\\/logo\\\/image\\\/\",\"url\":\"https:\\\/\\\/agorastur.es\\\/blog\\\/wp-content\\\/uploads\\\/2025\\\/03\\\/cropped-rrss.png\",\"contentUrl\":\"https:\\\/\\\/agorastur.es\\\/blog\\\/wp-content\\\/uploads\\\/2025\\\/03\\\/cropped-rrss.png\",\"width\":512,\"height\":512,\"caption\":\"Grupo Agorastur, S.L.\"},\"image\":{\"@id\":\"https:\\\/\\\/agorastur.es\\\/blog\\\/#\\\/schema\\\/logo\\\/image\\\/\"},\"sameAs\":[\"https:\\\/\\\/www.facebook.com\\\/agorasturformacion\",\"https:\\\/\\\/x.com\\\/Agorastur\"]},{\"@type\":\"Person\",\"@id\":\"https:\\\/\\\/agorastur.es\\\/blog\\\/#\\\/schema\\\/person\\\/e22add2390185670fd9a54413f42e33e\",\"name\":\"\u00e1gorAstur Formaci\u00f3n\",\"image\":{\"@type\":\"ImageObject\",\"inLanguage\":\"es\",\"@id\":\"https:\\\/\\\/agorastur.es\\\/blog\\\/wp-content\\\/uploads\\\/2025\\\/03\\\/cropped-favicon-1-96x96.png07751c8812e77018f06c4e5a1412ef3a\",\"url\":\"https:\\\/\\\/agorastur.es\\\/blog\\\/wp-content\\\/uploads\\\/2025\\\/03\\\/cropped-favicon-1-96x96.png\",\"contentUrl\":\"https:\\\/\\\/agorastur.es\\\/blog\\\/wp-content\\\/uploads\\\/2025\\\/03\\\/cropped-favicon-1-96x96.png\",\"caption\":\"\u00e1gorAstur Formaci\u00f3n\"},\"sameAs\":[\"http:\\\/\\\/agorastur.es\"],\"url\":\"https:\\\/\\\/agorastur.es\\\/blog\\\/author\\\/agorastur\\\/\"}]}<\/script>\r\n<!-- \/ Yoast SEO plugin. -->","yoast_head_json":{"title":"Seminarios de Marzo del 2017 - Blog \u00e1gorAstur Formaci\u00f3n","description":"Para lograr la mejor formaci\u00f3n hace falta esfuerzo y dedicaci\u00f3n. En \u00e1gorAstur formaci\u00f3n dispones de m\u00faltiples seminarios durante este mes de marzo de 2017.","robots":{"index":"noindex","follow":"follow"},"og_locale":"es_ES","og_type":"article","og_title":"Seminarios de Marzo del 2017 - Blog \u00e1gorAstur Formaci\u00f3n","og_description":"Para lograr la mejor formaci\u00f3n hace falta esfuerzo y dedicaci\u00f3n. En \u00e1gorAstur formaci\u00f3n dispones de m\u00faltiples seminarios durante este mes de marzo de 2017.","og_url":"https:\/\/agorastur.es\/blog\/seminarios-de-marzo-del-2017\/","og_site_name":"blog \u00e1gorAstur Formaci\u00f3n","article_publisher":"https:\/\/www.facebook.com\/agorasturformacion","article_published_time":"2017-03-08T09:45:57+00:00","article_modified_time":"2020-07-21T17:47:39+00:00","og_image":[{"width":800,"height":550,"url":"https:\/\/agorastur.es\/blog\/wp-content\/uploads\/2017\/03\/Seminarios-marzo-2017-4.jpg","type":"image\/jpeg"}],"author":"\u00e1gorAstur Formaci\u00f3n","twitter_card":"summary_large_image","twitter_creator":"@Agorastur","twitter_site":"@Agorastur","twitter_misc":{"Escrito por":"\u00e1gorAstur Formaci\u00f3n","Tiempo de lectura":"3 minutos"},"schema":{"@context":"https:\/\/schema.org","@graph":[{"@type":"Article","@id":"https:\/\/agorastur.es\/blog\/seminarios-de-marzo-del-2017\/#article","isPartOf":{"@id":"https:\/\/agorastur.es\/blog\/seminarios-de-marzo-del-2017\/"},"author":{"name":"\u00e1gorAstur Formaci\u00f3n","@id":"https:\/\/agorastur.es\/blog\/#\/schema\/person\/e22add2390185670fd9a54413f42e33e"},"headline":"Seminarios de Marzo del 2017","datePublished":"2017-03-08T09:45:57+00:00","dateModified":"2020-07-21T17:47:39+00:00","mainEntityOfPage":{"@id":"https:\/\/agorastur.es\/blog\/seminarios-de-marzo-del-2017\/"},"wordCount":508,"publisher":{"@id":"https:\/\/agorastur.es\/blog\/#organization"},"image":{"@id":"https:\/\/agorastur.es\/blog\/seminarios-de-marzo-del-2017\/#primaryimage"},"thumbnailUrl":"https:\/\/agorastur.es\/blog\/wp-content\/uploads\/2017\/03\/Seminarios-marzo-2017-4.jpg","keywords":["2017","marzo","seminarios"],"articleSection":["Seminarios"],"inLanguage":"es"},{"@type":"WebPage","@id":"https:\/\/agorastur.es\/blog\/seminarios-de-marzo-del-2017\/","url":"https:\/\/agorastur.es\/blog\/seminarios-de-marzo-del-2017\/","name":"Seminarios de Marzo del 2017 - Blog \u00e1gorAstur Formaci\u00f3n","isPartOf":{"@id":"https:\/\/agorastur.es\/blog\/#website"},"primaryImageOfPage":{"@id":"https:\/\/agorastur.es\/blog\/seminarios-de-marzo-del-2017\/#primaryimage"},"image":{"@id":"https:\/\/agorastur.es\/blog\/seminarios-de-marzo-del-2017\/#primaryimage"},"thumbnailUrl":"https:\/\/agorastur.es\/blog\/wp-content\/uploads\/2017\/03\/Seminarios-marzo-2017-4.jpg","datePublished":"2017-03-08T09:45:57+00:00","dateModified":"2020-07-21T17:47:39+00:00","description":"Para lograr la mejor formaci\u00f3n hace falta esfuerzo y dedicaci\u00f3n. En \u00e1gorAstur formaci\u00f3n dispones de m\u00faltiples seminarios durante este mes de marzo de 2017.","breadcrumb":{"@id":"https:\/\/agorastur.es\/blog\/seminarios-de-marzo-del-2017\/#breadcrumb"},"inLanguage":"es","potentialAction":[{"@type":"ReadAction","target":["https:\/\/agorastur.es\/blog\/seminarios-de-marzo-del-2017\/"]}]},{"@type":"ImageObject","inLanguage":"es","@id":"https:\/\/agorastur.es\/blog\/seminarios-de-marzo-del-2017\/#primaryimage","url":"https:\/\/agorastur.es\/blog\/wp-content\/uploads\/2017\/03\/Seminarios-marzo-2017-4.jpg","contentUrl":"https:\/\/agorastur.es\/blog\/wp-content\/uploads\/2017\/03\/Seminarios-marzo-2017-4.jpg","width":800,"height":550,"caption":"seminarios-marzo-agorastur"},{"@type":"BreadcrumbList","@id":"https:\/\/agorastur.es\/blog\/seminarios-de-marzo-del-2017\/#breadcrumb","itemListElement":[{"@type":"ListItem","position":1,"name":"\u00e1gorAstur","item":"https:\/\/agorastur.es\/blog\/"},{"@type":"ListItem","position":2,"name":"Seminarios","item":"https:\/\/agorastur.es\/blog\/novedades\/seminarios\/"},{"@type":"ListItem","position":3,"name":"Seminarios de Marzo del 2017"}]},{"@type":"WebSite","@id":"https:\/\/agorastur.es\/blog\/#website","url":"https:\/\/agorastur.es\/blog\/","name":"blog \u00e1gorAstur Formaci\u00f3n","description":"Formaci\u00f3n en Asturias y Le\u00f3n","publisher":{"@id":"https:\/\/agorastur.es\/blog\/#organization"},"potentialAction":[{"@type":"SearchAction","target":{"@type":"EntryPoint","urlTemplate":"https:\/\/agorastur.es\/blog\/?s={search_term_string}"},"query-input":{"@type":"PropertyValueSpecification","valueRequired":true,"valueName":"search_term_string"}}],"inLanguage":"es"},{"@type":"Organization","@id":"https:\/\/agorastur.es\/blog\/#organization","name":"Grupo Agorastur, S.L.","url":"https:\/\/agorastur.es\/blog\/","logo":{"@type":"ImageObject","inLanguage":"es","@id":"https:\/\/agorastur.es\/blog\/#\/schema\/logo\/image\/","url":"https:\/\/agorastur.es\/blog\/wp-content\/uploads\/2025\/03\/cropped-rrss.png","contentUrl":"https:\/\/agorastur.es\/blog\/wp-content\/uploads\/2025\/03\/cropped-rrss.png","width":512,"height":512,"caption":"Grupo Agorastur, S.L."},"image":{"@id":"https:\/\/agorastur.es\/blog\/#\/schema\/logo\/image\/"},"sameAs":["https:\/\/www.facebook.com\/agorasturformacion","https:\/\/x.com\/Agorastur"]},{"@type":"Person","@id":"https:\/\/agorastur.es\/blog\/#\/schema\/person\/e22add2390185670fd9a54413f42e33e","name":"\u00e1gorAstur Formaci\u00f3n","image":{"@type":"ImageObject","inLanguage":"es","@id":"https:\/\/agorastur.es\/blog\/wp-content\/uploads\/2025\/03\/cropped-favicon-1-96x96.png07751c8812e77018f06c4e5a1412ef3a","url":"https:\/\/agorastur.es\/blog\/wp-content\/uploads\/2025\/03\/cropped-favicon-1-96x96.png","contentUrl":"https:\/\/agorastur.es\/blog\/wp-content\/uploads\/2025\/03\/cropped-favicon-1-96x96.png","caption":"\u00e1gorAstur Formaci\u00f3n"},"sameAs":["http:\/\/agorastur.es"],"url":"https:\/\/agorastur.es\/blog\/author\/agorastur\/"}]}},"jetpack_featured_media_url":"https:\/\/agorastur.es\/blog\/wp-content\/uploads\/2017\/03\/Seminarios-marzo-2017-4.jpg","jetpack_sharing_enabled":true,"jetpack_shortlink":"https:\/\/wp.me\/p8kSRz-lc","jetpack-related-posts":[{"id":4285,"url":"https:\/\/agorastur.es\/blog\/seminarios-marzo-2024\/","url_meta":{"origin":1314,"position":0},"title":"Seminarios Marzo 2024","author":"\u00e1gorAstur Formaci\u00f3n","date":"13\/03\/2024","format":false,"excerpt":"\u00a1Bienvenidos una vez m\u00e1s a nuestros seminarios! Este mes, estamos encantados de presentar una selecci\u00f3n diversa de seminarios dise\u00f1ados muy espec\u00edficamente para la adquisici\u00f3n de competencias b\u00e1sicas. Ya sab\u00e9is, pod\u00e9is matricularos ya mismo poni\u00e9ndoos en contacto con vuestro tutor o escribi\u00e9ndonos al correo solicitudes@agorastur.com. \u00a1Os esperamos!","rel":"","context":"En \u00abSeminarios\u00bb","block_context":{"text":"Seminarios","link":"https:\/\/agorastur.es\/blog\/novedades\/seminarios\/"},"img":{"alt_text":"Seminarios Marzo 2024","src":"https:\/\/agorastur.es\/blog\/wp-content\/uploads\/2024\/03\/Blog800-\u00d7-550-px.png","width":350,"height":200,"srcset":"https:\/\/agorastur.es\/blog\/wp-content\/uploads\/2024\/03\/Blog800-\u00d7-550-px.png 1x, https:\/\/agorastur.es\/blog\/wp-content\/uploads\/2024\/03\/Blog800-\u00d7-550-px.png 1.5x, https:\/\/agorastur.es\/blog\/wp-content\/uploads\/2024\/03\/Blog800-\u00d7-550-px.png 2x"},"classes":[]},{"id":3884,"url":"https:\/\/agorastur.es\/blog\/seminarios-de-marzo-del-2022\/","url_meta":{"origin":1314,"position":1},"title":"Seminarios de marzo del 2022","author":"\u00e1gorAstur Formaci\u00f3n","date":"10\/03\/2022","format":false,"excerpt":"Os dejamos el calendario de seminarios te\u00f3ricos y pr\u00e1cticos que se realizar\u00e1n en \u00e1gorAstur durante el mes de marzo. Qu\u00edmica, Matem\u00e1ticas, Ingl\u00e9s, Veterinaria, Dietas, Manipulador de alimentos...\u00a0 No dudes en apuntarte al que m\u00e1s te interese. Por favor, confirma tu asistencia con tu tutor o al mail:\u00a0solicitudes@agorastur.com \u00a1\u00a1Te esperamos!! \ud83d\ude42","rel":"","context":"En \u00abSeminarios\u00bb","block_context":{"text":"Seminarios","link":"https:\/\/agorastur.es\/blog\/novedades\/seminarios\/"},"img":{"alt_text":"seminarios-marzo-2022-agora","src":"https:\/\/agorastur.es\/blog\/wp-content\/uploads\/2022\/03\/seminarios-de-marzo-de-2022.webp","width":350,"height":200,"srcset":"https:\/\/agorastur.es\/blog\/wp-content\/uploads\/2022\/03\/seminarios-de-marzo-de-2022.webp 1x, https:\/\/agorastur.es\/blog\/wp-content\/uploads\/2022\/03\/seminarios-de-marzo-de-2022.webp 1.5x, https:\/\/agorastur.es\/blog\/wp-content\/uploads\/2022\/03\/seminarios-de-marzo-de-2022.webp 2x"},"classes":[]},{"id":4117,"url":"https:\/\/agorastur.es\/blog\/seminarios-de-marzo-2023\/","url_meta":{"origin":1314,"position":2},"title":"Seminarios de Marzo 2023","author":"\u00e1gorAstur Formaci\u00f3n","date":"02\/03\/2023","format":false,"excerpt":"Sabemos que el mes de Marzo puede ser un poco ca\u00f3tico, ya que estamos en pleno cambio de estaci\u00f3n y parece que nunca sabemos qu\u00e9 clima nos va a tocar. Pero no os preocup\u00e9is, en \u00c1gorastur os traemos los seminarios del mes de Marzo para que adaptar vuestro calendario no\u2026","rel":"","context":"En \u00abSeminarios\u00bb","block_context":{"text":"Seminarios","link":"https:\/\/agorastur.es\/blog\/novedades\/seminarios\/"},"img":{"alt_text":"seminarios febrero 2023- \u00c1gorastur","src":"https:\/\/agorastur.es\/blog\/wp-content\/uploads\/2023\/03\/Blog800-\u00d7-550-px-1.webp","width":350,"height":200,"srcset":"https:\/\/agorastur.es\/blog\/wp-content\/uploads\/2023\/03\/Blog800-\u00d7-550-px-1.webp 1x, https:\/\/agorastur.es\/blog\/wp-content\/uploads\/2023\/03\/Blog800-\u00d7-550-px-1.webp 1.5x, https:\/\/agorastur.es\/blog\/wp-content\/uploads\/2023\/03\/Blog800-\u00d7-550-px-1.webp 2x"},"classes":[]},{"id":3581,"url":"https:\/\/agorastur.es\/blog\/seminarios-de-enero-del-2021\/","url_meta":{"origin":1314,"position":3},"title":"Seminarios de enero del 2021","author":"\u00e1gorAstur Formaci\u00f3n","date":"02\/01\/2021","format":false,"excerpt":"\u00a1Nuevo a\u00f1o, nuevos seminarios! A continuaci\u00f3n os dejamos el calendario de todos los seminarios que se llevar\u00e1n a cabo en Agorastur Formaci\u00f3n durante el mes de enero de 2021.","rel":"","context":"En \u00abSeminarios\u00bb","block_context":{"text":"Seminarios","link":"https:\/\/agorastur.es\/blog\/novedades\/seminarios\/"},"img":{"alt_text":"seminarios-enero","src":"https:\/\/agorastur.es\/blog\/wp-content\/uploads\/2021\/01\/seminarios-enero-2021.png","width":350,"height":200,"srcset":"https:\/\/agorastur.es\/blog\/wp-content\/uploads\/2021\/01\/seminarios-enero-2021.png 1x, https:\/\/agorastur.es\/blog\/wp-content\/uploads\/2021\/01\/seminarios-enero-2021.png 1.5x, https:\/\/agorastur.es\/blog\/wp-content\/uploads\/2021\/01\/seminarios-enero-2021.png 2x"},"classes":[]},{"id":4230,"url":"https:\/\/agorastur.es\/blog\/seminarios-de-junio-2023\/","url_meta":{"origin":1314,"position":4},"title":"Seminarios de Junio 2023","author":"\u00e1gorAstur Formaci\u00f3n","date":"05\/06\/2023","format":false,"excerpt":"Nos complace anunciar que ya est\u00e1n preparados nuestros seminarios correspondientes a este mes de junio. En estos eventos, que realizamos todos los meses, podr\u00e1s aprender y obtener habilidades pr\u00e1cticas que te ayuden a destacar en tu campo profesional. Aqu\u00ed abajo puedes ver el calendario de seminarios de este mes: Si\u2026","rel":"","context":"En \u00abSeminarios\u00bb","block_context":{"text":"Seminarios","link":"https:\/\/agorastur.es\/blog\/novedades\/seminarios\/"},"img":{"alt_text":"SEMINARIOS JUNIO 2023","src":"https:\/\/agorastur.es\/blog\/wp-content\/uploads\/2023\/06\/Blog800-\u00d7-550-px.webp","width":350,"height":200,"srcset":"https:\/\/agorastur.es\/blog\/wp-content\/uploads\/2023\/06\/Blog800-\u00d7-550-px.webp 1x, https:\/\/agorastur.es\/blog\/wp-content\/uploads\/2023\/06\/Blog800-\u00d7-550-px.webp 1.5x, https:\/\/agorastur.es\/blog\/wp-content\/uploads\/2023\/06\/Blog800-\u00d7-550-px.webp 2x"},"classes":[]},{"id":3686,"url":"https:\/\/agorastur.es\/blog\/seminarios-de-marzo-del-2021\/","url_meta":{"origin":1314,"position":5},"title":"Seminarios de marzo del 2021","author":"\u00e1gorAstur Formaci\u00f3n","date":"02\/03\/2021","format":false,"excerpt":"Damos comienzo el mes de marzo con el calendario de los nuevos seminarios de \u00e1gorAstur Formaci\u00f3n. Todos ellos se llevar\u00e1n a cabo de forma online, excepto los que aparecen en amarillo \u00abManipulador de alimentos\u00bb y \u00abPrimeros Auxilios\u00bb que se impartir\u00e1n los d\u00edas 16 y 22 en las sedes de Gij\u00f3n\u2026","rel":"","context":"En \u00abSeminarios\u00bb","block_context":{"text":"Seminarios","link":"https:\/\/agorastur.es\/blog\/novedades\/seminarios\/"},"img":{"alt_text":"","src":"https:\/\/agorastur.es\/blog\/wp-content\/uploads\/2021\/03\/seminarios-de-marzo-de-2021-en-agorastur.png","width":350,"height":200,"srcset":"https:\/\/agorastur.es\/blog\/wp-content\/uploads\/2021\/03\/seminarios-de-marzo-de-2021-en-agorastur.png 1x, https:\/\/agorastur.es\/blog\/wp-content\/uploads\/2021\/03\/seminarios-de-marzo-de-2021-en-agorastur.png 1.5x, https:\/\/agorastur.es\/blog\/wp-content\/uploads\/2021\/03\/seminarios-de-marzo-de-2021-en-agorastur.png 2x"},"classes":[]}],"authors":[{"term_id":259,"user_id":1,"is_guest":0,"slug":"agorastur","display_name":"\u00e1gorAstur Formaci\u00f3n","avatar_url":"https:\/\/agorastur.es\/blog\/wp-content\/uploads\/2025\/03\/cropped-favicon-1-96x96.png","1":"","2":"","3":"","4":"","5":"","6":"","7":"","8":""}],"_links":{"self":[{"href":"https:\/\/agorastur.es\/blog\/wp-json\/wp\/v2\/posts\/1314","targetHints":{"allow":["GET"]}}],"collection":[{"href":"https:\/\/agorastur.es\/blog\/wp-json\/wp\/v2\/posts"}],"about":[{"href":"https:\/\/agorastur.es\/blog\/wp-json\/wp\/v2\/types\/post"}],"author":[{"embeddable":true,"href":"https:\/\/agorastur.es\/blog\/wp-json\/wp\/v2\/users\/1"}],"replies":[{"embeddable":true,"href":"https:\/\/agorastur.es\/blog\/wp-json\/wp\/v2\/comments?post=1314"}],"version-history":[{"count":35,"href":"https:\/\/agorastur.es\/blog\/wp-json\/wp\/v2\/posts\/1314\/revisions"}],"predecessor-version":[{"id":3323,"href":"https:\/\/agorastur.es\/blog\/wp-json\/wp\/v2\/posts\/1314\/revisions\/3323"}],"wp:featuredmedia":[{"embeddable":true,"href":"https:\/\/agorastur.es\/blog\/wp-json\/wp\/v2\/media\/1341"}],"wp:attachment":[{"href":"https:\/\/agorastur.es\/blog\/wp-json\/wp\/v2\/media?parent=1314"}],"wp:term":[{"taxonomy":"category","embeddable":true,"href":"https:\/\/agorastur.es\/blog\/wp-json\/wp\/v2\/categories?post=1314"},{"taxonomy":"post_tag","embeddable":true,"href":"https:\/\/agorastur.es\/blog\/wp-json\/wp\/v2\/tags?post=1314"},{"taxonomy":"author","embeddable":true,"href":"https:\/\/agorastur.es\/blog\/wp-json\/wp\/v2\/ppma_author?post=1314"}],"curies":[{"name":"wp","href":"https:\/\/api.w.org\/{rel}","templated":true}]}}